{"id":3160,"date":"2024-05-22T01:23:19","date_gmt":"2024-05-22T01:23:19","guid":{"rendered":"https:\/\/radiogjilani.com\/index.php\/2024\/05\/22\/cate-blanchett-ne-kane-me-nje-fustan-te-frymezuar-nga-flamuri-palestinez\/"},"modified":"2024-05-22T01:23:19","modified_gmt":"2024-05-22T01:23:19","slug":"cate-blanchett-ne-kane-me-nje-fustan-te-frymezuar-nga-flamuri-palestinez","status":"publish","type":"post","link":"https:\/\/radiogjilani.com\/index.php\/2024\/05\/22\/cate-blanchett-ne-kane-me-nje-fustan-te-frymezuar-nga-flamuri-palestinez\/","title":{"rendered":"Cate Blanchett n\u00eb Kan\u00eb me nj\u00eb fustan t\u00eb frym\u00ebzuar nga flamuri palestinez"},"content":{"rendered":"<p>N\u00eb tapetin e kuq t\u00eb Kan\u00ebs tashm\u00eb \u00ebsht\u00eb Cate Blanchett, e cila t\u00ebrheq v\u00ebmendjen e gazetar\u00ebve dhe fotograf\u00ebve.<\/p>\n<p>E pranishme s\u00eb bashku me aktor\u00ebt e tjer\u00eb n\u00eb shfaqjen e filmit \u201cThe Apprentice\u201d, frym\u00ebzuar nga historia e ish-presidentit amerikan Donald Trump, diva shprehu mb\u00ebshtetjen e saj p\u00ebr \u00e7\u00ebshtjen palestineze pa th\u00ebn\u00eb asnj\u00eb fjal\u00eb.<\/p>\n<p>E shprehu duke veshur nj\u00eb fustan t\u00eb dizajnuar nga stilisti Jean Paul Gaultier me referenca t\u00eb qarta n\u00eb teksturat, ngjyrat dhe p\u00eblhur\u00ebn e flamurit palestinez.<\/p>\n<p>Forcimi i teoris\u00eb \u00ebsht\u00eb fakti se vet\u00eb stilisti e ka deklaruar tashm\u00eb veten si nj\u00eb mb\u00ebshtet\u00ebs t\u00eb vendosur t\u00eb popullit t\u00eb Palestin\u00ebs.<\/p>\n<div class=\"ads square\">\n<p>    <a href=\"https:\/\/track.adform.net\/C\/?bn=73199340;C=0\" target=\"_blank\" rel=\"noopener\"><br \/>\n    <img loading=\"lazy\" decoding=\"async\" src=\"https:\/\/track.adform.net\/adfserve\/?bn=73199340;srctype=4;ord=%5Btimestamp%5D\" border=\"0\" width=\"300\" height=\"250\" alt=\"reklama iqos\"><br \/>\n    <\/a><\/p><\/div>\n<p>Zgjedhja sakaq nuk \u00ebsht\u00eb befasuese. Aktorja \u00ebsht\u00eb pjes\u00eb e \u201cArtists 4 Ceasefire\u201d, nj\u00eb grup i famsh\u00ebm, duke p\u00ebrfshir\u00eb Jaquin Phoenix, Riz Ahmed, Susan Sarandon, Jennifer Lopez dhe motrat Gigi dhe Bella Hadid, t\u00eb cilat kan\u00eb n\u00ebnshkruar nj\u00eb let\u00ebr duke k\u00ebrkuar nj\u00eb arm\u00ebpushim izraelit.<\/p>\n<p>\u00cbsht\u00eb pothuajse e sigurt q\u00eb zgjedhja e Balnchett ishte e q\u00ebllimshme, por nuk ka asnj\u00eb konfirmim.<\/p>\n<p>Edhe p\u00ebr shkak se qyteti i Kan\u00ebs ka ndaluar m\u00eb par\u00eb \u00e7do form\u00eb proteste p\u00ebrgjat\u00eb Croisette dhe rrethinat e saj gjat\u00eb 11 dit\u00ebve t\u00eb festivalit.<\/p>\n<p>Ndaj dhe gjesti i aktores mund t\u00eb jet\u00eb kufizuar n\u00eb lidhje me nj\u00eb lloj shkeljeje t\u00eb protokollit q\u00eb imponon rregulla t\u00eb rrepta t\u00eb kodit t\u00eb veshjes.<\/p>\n<p>The post <a rel=\"nofollow\" href=\"https:\/\/albanianpost.com\/cate-blanchett-ne-kane-me-nje-fustan-te-frymezuar-nga-flamuri-palestinez\/\">Cate Blanchett n\u00eb Kan\u00eb me nj\u00eb fustan t\u00eb frym\u00ebzuar nga flamuri palestinez<\/a> appeared first on <a rel=\"nofollow\" href=\"https:\/\/albanianpost.com\/\">Albanian Post<\/a>.<\/p>\n","protected":false},"excerpt":{"rendered":"<p>N\u00eb tapetin e kuq t\u00eb Kan\u00ebs tashm\u00eb \u00ebsht\u00eb Cate Blanchett, e cila t\u00ebrheq v\u00ebmendjen e gazetar\u00ebve dhe fotograf\u00ebve. E pranishme s\u00eb bashku me aktor\u00ebt e tjer\u00eb n\u00eb shfaqjen e filmit \u201cThe Apprentice\u201d, frym\u00ebzuar nga historia e ish-presidentit amerikan Donald Trump, diva shprehu mb\u00ebshtetjen e saj p\u00ebr \u00e7\u00ebshtjen palestineze pa th\u00ebn\u00eb asnj\u00eb fjal\u00eb. E shprehu duke [&hellip;]<\/p>\n","protected":false},"author":1,"featured_media":3161,"comment_status":"open","ping_status":"open","sticky":false,"template":"","format":"standard","meta":{"footnotes":""},"categories":[1],"tags":[],"class_list":["post-3160","post","type-post","status-publish","format-standard","has-post-thumbnail","hentry","category-uncategorized"],"_links":{"self":[{"href":"https:\/\/radiogjilani.com\/index.php\/wp-json\/wp\/v2\/posts\/3160","targetHints":{"allow":["GET"]}}],"collection":[{"href":"https:\/\/radiogjilani.com\/index.php\/wp-json\/wp\/v2\/posts"}],"about":[{"href":"https:\/\/radiogjilani.com\/index.php\/wp-json\/wp\/v2\/types\/post"}],"author":[{"embeddable":true,"href":"https:\/\/radiogjilani.com\/index.php\/wp-json\/wp\/v2\/users\/1"}],"replies":[{"embeddable":true,"href":"https:\/\/radiogjilani.com\/index.php\/wp-json\/wp\/v2\/comments?post=3160"}],"version-history":[{"count":0,"href":"https:\/\/radiogjilani.com\/index.php\/wp-json\/wp\/v2\/posts\/3160\/revisions"}],"wp:featuredmedia":[{"embeddable":true,"href":"https:\/\/radiogjilani.com\/index.php\/wp-json\/wp\/v2\/media\/3161"}],"wp:attachment":[{"href":"https:\/\/radiogjilani.com\/index.php\/wp-json\/wp\/v2\/media?parent=3160"}],"wp:term":[{"taxonomy":"category","embeddable":true,"href":"https:\/\/radiogjilani.com\/index.php\/wp-json\/wp\/v2\/categories?post=3160"},{"taxonomy":"post_tag","embeddable":true,"href":"https:\/\/radiogjilani.com\/index.php\/wp-json\/wp\/v2\/tags?post=3160"}],"curies":[{"name":"wp","href":"https:\/\/api.w.org\/{rel}","templated":true}]}}