{"id":3214,"date":"2024-05-23T02:00:38","date_gmt":"2024-05-23T02:00:38","guid":{"rendered":"https:\/\/radiogjilani.com\/index.php\/2024\/05\/23\/atalanta-e-gjimshitit-fiton-europa-league-dhe-i-jep-humbjen-e-pare-sezonale-leverkusenit\/"},"modified":"2024-05-23T02:00:38","modified_gmt":"2024-05-23T02:00:38","slug":"atalanta-e-gjimshitit-fiton-europa-league-dhe-i-jep-humbjen-e-pare-sezonale-leverkusenit","status":"publish","type":"post","link":"https:\/\/radiogjilani.com\/index.php\/2024\/05\/23\/atalanta-e-gjimshitit-fiton-europa-league-dhe-i-jep-humbjen-e-pare-sezonale-leverkusenit\/","title":{"rendered":"Atalanta e Gjimshitit fiton Europa League dhe i jep humbjen e par\u00eb sezonale Leverkusenit"},"content":{"rendered":"<p>N\u00ebse do t\u00eb mund t\u2019i shk\u00ebmbenin t\u00eb gjitha fitoret dhe rekordet e arritura n\u00eb k\u00ebt\u00eb sezon p\u00ebr nj\u00eb trofe evropian, ndoshta do ta b\u00ebnin.<\/p>\n<p>Por Bayer Leverkusen, disfat\u00ebn e par\u00eb e ka marr\u00eb n\u00eb apogjeun e sezonit t\u00eb tyre perfekt, teksa Atalanta e udh\u00ebhequr nga kapiteni zikalt\u00ebr (edhe kuqezi), Berat Gjimshiti, \u00ebsht\u00eb shpallur fituese e Europa League.<\/p>\n<p>Ekipi i drejtuar n\u00eb m\u00ebnyr\u00eb t\u00eb p\u00ebrsorur k\u00ebt\u00eb sezon nga trajneri veteran Gian Piero Gasperini i dha nj\u00eb leksion Xabi Alonsos dhe ekipit t\u00eb tij t\u00eb ri. Nd\u00ebrsa, ylli i ndeshjes, \u00ebsht\u00eb nj\u00eb dhe i vet\u00ebm e i padiskutuesh\u00ebm: Ademola Lookman.<\/p>\n<p>Triplet\u00eb e magjishme e tij n\u00eb finalen e Europa League, lojtar i ndeshjes, hero i nj\u00eb sezoni tep\u00ebr pozitiv p\u00ebr bergamask\u00ebt, t\u00eb cil\u00ebt shkojn\u00eb k\u00ebshtu automatikisht n\u00eb Champions League sezonin e ardhsh\u00ebm.<\/p>\n<div class=\"ads square\">\n<p>    <a href=\"https:\/\/track.adform.net\/C\/?bn=73199340;C=0\" target=\"_blank\" rel=\"noopener\"><br \/>\n    <img loading=\"lazy\" decoding=\"async\" src=\"https:\/\/track.adform.net\/adfserve\/?bn=73199340;srctype=4;ord=%5Btimestamp%5D\" border=\"0\" width=\"300\" height=\"250\" alt=\"reklama iqos\"><br \/>\n    <\/a><\/p><\/div>\n<p>12\u2019, 26\u2019 dhe 75\u2019. K\u00ebto jan\u00eb minutat e golave t\u00eb sh\u00ebnuar nga ai.<\/p>\n<p>Nga ana tjet\u00ebr, Leverkuseni nuk ishte vetvetja, me nj\u00eb ndeshje fantaz\u00ebm, me nj\u00eb loj\u00eb t\u00eb dob\u00ebt, pa raste, pa rrezikuar asnj\u00ebher\u00eb port\u00ebn e mbrojtur nga Juan Musso.<\/p>\n<p>Gjimshiti, i pakaluesh\u00ebm dit\u00ebn e sotme n\u00eb mbrojtjen e italian\u00ebve, edhe pse i nd\u00ebshkuar q\u00eb her\u00ebt me karton t\u00eb verdh\u00eb.<\/p>\n<p>Por Gasperini nuk e fali t\u00eb riun Alonso n\u00eb p\u00ebrgatitjen e ndeshjes. Gjith\u00e7ka ishte e p\u00ebrpikt\u00eb n\u00eb vendosje, asgj\u00eb jasht\u00eb pritshm\u00ebrive, asgj\u00eb jasht\u00eb parashikimeve.<\/p>\n<p>Ekipi pa yje, me lojtar\u00eb modest\u00eb dhe t\u00eb p\u00ebrkushtuar p\u00ebr nj\u00eb sukses t\u00eb madh, pas vitesh p\u00ebrpjekje, arrijn\u00eb k\u00ebshtu nj\u00eb trofe madhor evropian.<\/p>\n<p>Me syt\u00eb tashm\u00eb, do t\u00eb jen\u00eb p\u00ebr nga nj\u00eb shans tjet\u00ebr p\u00ebr fitore madhore, finalen e Superkup\u00ebs evropiane, ku do t\u00eb p\u00ebrballen me fituesen e Champions League, e cila vendoset m\u00eb 1 qershor mes Borussias s\u00eb Dortmundit dhe Realit t\u00eb Madridit.<\/p>\n<p>The post <a rel=\"nofollow\" href=\"https:\/\/albanianpost.com\/atalanta-e-gjimshitit-fiton-europa-league-dhe-i-jep-humbjen-e-pare-sezonale-leverkusenit\/\">Atalanta e Gjimshitit fiton Europa League dhe i jep humbjen e par\u00eb sezonale Leverkusenit<\/a> appeared first on <a rel=\"nofollow\" href=\"https:\/\/albanianpost.com\/\">Albanian Post<\/a>.<\/p>\n","protected":false},"excerpt":{"rendered":"<p>N\u00ebse do t\u00eb mund t\u2019i shk\u00ebmbenin t\u00eb gjitha fitoret dhe rekordet e arritura n\u00eb k\u00ebt\u00eb sezon p\u00ebr nj\u00eb trofe evropian, ndoshta do ta b\u00ebnin. Por Bayer Leverkusen, disfat\u00ebn e par\u00eb e ka marr\u00eb n\u00eb apogjeun e sezonit t\u00eb tyre perfekt, teksa Atalanta e udh\u00ebhequr nga kapiteni zikalt\u00ebr (edhe kuqezi), Berat Gjimshiti, \u00ebsht\u00eb shpallur fituese e [&hellip;]<\/p>\n","protected":false},"author":1,"featured_media":3215,"comment_status":"open","ping_status":"open","sticky":false,"template":"","format":"standard","meta":{"footnotes":""},"categories":[1],"tags":[],"class_list":["post-3214","post","type-post","status-publish","format-standard","has-post-thumbnail","hentry","category-uncategorized"],"_links":{"self":[{"href":"https:\/\/radiogjilani.com\/index.php\/wp-json\/wp\/v2\/posts\/3214","targetHints":{"allow":["GET"]}}],"collection":[{"href":"https:\/\/radiogjilani.com\/index.php\/wp-json\/wp\/v2\/posts"}],"about":[{"href":"https:\/\/radiogjilani.com\/index.php\/wp-json\/wp\/v2\/types\/post"}],"author":[{"embeddable":true,"href":"https:\/\/radiogjilani.com\/index.php\/wp-json\/wp\/v2\/users\/1"}],"replies":[{"embeddable":true,"href":"https:\/\/radiogjilani.com\/index.php\/wp-json\/wp\/v2\/comments?post=3214"}],"version-history":[{"count":0,"href":"https:\/\/radiogjilani.com\/index.php\/wp-json\/wp\/v2\/posts\/3214\/revisions"}],"wp:featuredmedia":[{"embeddable":true,"href":"https:\/\/radiogjilani.com\/index.php\/wp-json\/wp\/v2\/media\/3215"}],"wp:attachment":[{"href":"https:\/\/radiogjilani.com\/index.php\/wp-json\/wp\/v2\/media?parent=3214"}],"wp:term":[{"taxonomy":"category","embeddable":true,"href":"https:\/\/radiogjilani.com\/index.php\/wp-json\/wp\/v2\/categories?post=3214"},{"taxonomy":"post_tag","embeddable":true,"href":"https:\/\/radiogjilani.com\/index.php\/wp-json\/wp\/v2\/tags?post=3214"}],"curies":[{"name":"wp","href":"https:\/\/api.w.org\/{rel}","templated":true}]}}