{"id":3224,"date":"2024-05-23T02:00:33","date_gmt":"2024-05-23T02:00:33","guid":{"rendered":"https:\/\/radiogjilani.com\/index.php\/2024\/05\/23\/dy-persona-te-plagosur-ne-gjonaj-te-prizrenit-njeri-me-arme-zjarri\/"},"modified":"2024-05-23T02:00:33","modified_gmt":"2024-05-23T02:00:33","slug":"dy-persona-te-plagosur-ne-gjonaj-te-prizrenit-njeri-me-arme-zjarri","status":"publish","type":"post","link":"https:\/\/radiogjilani.com\/index.php\/2024\/05\/23\/dy-persona-te-plagosur-ne-gjonaj-te-prizrenit-njeri-me-arme-zjarri\/","title":{"rendered":"Dy persona t\u00eb plagosur n\u00eb Gjonaj t\u00eb Prizrenit, nj\u00ebri me arm\u00eb zjarri"},"content":{"rendered":"<p>Si pasoj\u00eb e nj\u00eb p\u00ebrleshjeje q\u00eb ka ndodhur n\u00eb mbr\u00ebmjen e s\u00eb m\u00ebrkur\u00ebs n\u00eb fshatin Gjonaj t\u00eb Prizrenit, dy persona jan\u00eb l\u00ebnduar, nj\u00ebri prej tyre me arm\u00eb zjarri.<\/p>\n<p>Lajmin p\u00ebr \u201cAlbanian Post\u201d e ka konfirmuar Z\u00ebdh\u00ebn\u00ebsi i Policis\u00eb s\u00eb Kosov\u00ebs p\u00ebr rajonin e Prizrenit, Vesel Gashi.<\/p>\n<p>Gashi ka b\u00ebr\u00eb t\u00eb ditur se nj\u00ebri nga dy personat \u00ebsht\u00eb l\u00ebnduar me mjete t\u00eb forta, nd\u00ebrsa tjetri me arm\u00eb zjarri.<\/p>\n<p>Ai njoftoi se t\u00eb l\u00ebnduarit jan\u00eb d\u00ebrguar p\u00ebr trajtim mjek\u00ebsor n\u00eb Spitalin Rajonal t\u00eb Prizrenit, derisa theksoi se personat e dyshuar jan\u00eb n\u00eb k\u00ebrkim nga policia.<\/p>\n<div class=\"ads square\">\n<p>    <a href=\"https:\/\/track.adform.net\/C\/?bn=73199340;C=0\" target=\"_blank\" rel=\"noopener\"><br \/>\n    <img loading=\"lazy\" decoding=\"async\" src=\"https:\/\/track.adform.net\/adfserve\/?bn=73199340;srctype=4;ord=%5Btimestamp%5D\" border=\"0\" width=\"300\" height=\"250\" alt=\"reklama iqos\"><br \/>\n    <\/a><\/p><\/div>\n<p>\u201cNj\u00ebsitet relevante t\u00eb policis\u00eb menj\u00ebher\u00eb iu kan\u00eb p\u00ebrgjigjur rastit. Personat e dyshuar jan\u00eb t\u00eb njohur p\u00ebr policin\u00eb e Kosov\u00ebs dhe nj\u00ebsitet policore jan\u00eb n\u00eb k\u00ebrkim t\u00eb tyre\u201d, tha Gashi.<\/p>\n<p>Lidhur me k\u00ebt\u00eb t\u00eb gjitha veprimet hetimore nga nj\u00ebsit\u00eb relevante t\u00eb policis\u00eb jan\u00eb n\u00eb koordinim me Prokurorin e Shtetit.<\/p>\n<p>Deri m\u00eb tani nuk dihen detaje t\u00eb tjera p\u00ebr k\u00ebt\u00eb rast.<\/p>\n<p>The post <a rel=\"nofollow\" href=\"https:\/\/albanianpost.com\/dy-persona-te-plagosur-ne-gjonaj-te-prizrenit-njeri-me-arme-zjarri\/\">Dy persona t\u00eb plagosur n\u00eb Gjonaj t\u00eb Prizrenit, nj\u00ebri me arm\u00eb zjarri<\/a> appeared first on <a rel=\"nofollow\" href=\"https:\/\/albanianpost.com\/\">Albanian Post<\/a>.<\/p>\n","protected":false},"excerpt":{"rendered":"<p>Si pasoj\u00eb e nj\u00eb p\u00ebrleshjeje q\u00eb ka ndodhur n\u00eb mbr\u00ebmjen e s\u00eb m\u00ebrkur\u00ebs n\u00eb fshatin Gjonaj t\u00eb Prizrenit, dy persona jan\u00eb l\u00ebnduar, nj\u00ebri prej tyre me arm\u00eb zjarri. Lajmin p\u00ebr \u201cAlbanian Post\u201d e ka konfirmuar Z\u00ebdh\u00ebn\u00ebsi i Policis\u00eb s\u00eb Kosov\u00ebs p\u00ebr rajonin e Prizrenit, Vesel Gashi. Gashi ka b\u00ebr\u00eb t\u00eb ditur se nj\u00ebri nga dy [&hellip;]<\/p>\n","protected":false},"author":1,"featured_media":3225,"comment_status":"open","ping_status":"open","sticky":false,"template":"","format":"standard","meta":{"footnotes":""},"categories":[1],"tags":[],"class_list":["post-3224","post","type-post","status-publish","format-standard","has-post-thumbnail","hentry","category-uncategorized"],"_links":{"self":[{"href":"https:\/\/radiogjilani.com\/index.php\/wp-json\/wp\/v2\/posts\/3224","targetHints":{"allow":["GET"]}}],"collection":[{"href":"https:\/\/radiogjilani.com\/index.php\/wp-json\/wp\/v2\/posts"}],"about":[{"href":"https:\/\/radiogjilani.com\/index.php\/wp-json\/wp\/v2\/types\/post"}],"author":[{"embeddable":true,"href":"https:\/\/radiogjilani.com\/index.php\/wp-json\/wp\/v2\/users\/1"}],"replies":[{"embeddable":true,"href":"https:\/\/radiogjilani.com\/index.php\/wp-json\/wp\/v2\/comments?post=3224"}],"version-history":[{"count":0,"href":"https:\/\/radiogjilani.com\/index.php\/wp-json\/wp\/v2\/posts\/3224\/revisions"}],"wp:featuredmedia":[{"embeddable":true,"href":"https:\/\/radiogjilani.com\/index.php\/wp-json\/wp\/v2\/media\/3225"}],"wp:attachment":[{"href":"https:\/\/radiogjilani.com\/index.php\/wp-json\/wp\/v2\/media?parent=3224"}],"wp:term":[{"taxonomy":"category","embeddable":true,"href":"https:\/\/radiogjilani.com\/index.php\/wp-json\/wp\/v2\/categories?post=3224"},{"taxonomy":"post_tag","embeddable":true,"href":"https:\/\/radiogjilani.com\/index.php\/wp-json\/wp\/v2\/tags?post=3224"}],"curies":[{"name":"wp","href":"https:\/\/api.w.org\/{rel}","templated":true}]}}