{"id":3226,"date":"2024-05-23T02:00:32","date_gmt":"2024-05-23T02:00:32","guid":{"rendered":"https:\/\/radiogjilani.com\/index.php\/2024\/05\/23\/irani-reformat-dhe-shtypja-cfare-ndodhi-me-te-moderuarit-dhe-reformistet\/"},"modified":"2024-05-23T02:00:32","modified_gmt":"2024-05-23T02:00:32","slug":"irani-reformat-dhe-shtypja-cfare-ndodhi-me-te-moderuarit-dhe-reformistet","status":"publish","type":"post","link":"https:\/\/radiogjilani.com\/index.php\/2024\/05\/23\/irani-reformat-dhe-shtypja-cfare-ndodhi-me-te-moderuarit-dhe-reformistet\/","title":{"rendered":"Irani, reformat dhe shtypja \u2013 \u00c7far\u00eb ndodhi me t\u00eb moderuarit dhe reformist\u00ebt"},"content":{"rendered":"<p>Fundi i reformist\u00ebve daton m\u00eb 28 dhjetor 2017.<\/p>\n<p>Protestohet p\u00ebr koston e lart\u00eb t\u00eb jetes\u00ebs dhe p\u00ebr her\u00eb t\u00eb par\u00eb d\u00ebgjohet ky slogan:\u00a0\u201cReformist\u00eb, ekstremist\u00eb, loja mbaroi\u201d.<\/p>\n<p>N\u00eb m\u00eb pak se dhjet\u00eb dit\u00eb, pothuajse nj\u00ebqind njer\u00ebz u vran\u00eb. Madje\u00a0edhe shpresa se Republika Islamike mund t\u00eb reformohej\u00a0u shpartallua.\u00a0P\u00ebr shum\u00eb njer\u00ebz \u00ebsht\u00eb e qart\u00eb se ka vet\u00ebm nj\u00eb zgjidhje:\u00a0p\u00ebrmbysja e regjimit.<\/p>\n<p>N\u00eb qeveri \u00ebsht\u00eb Hassan Rouhani, i moderuar dhe reformator, njeriu i marr\u00ebveshjes b\u00ebrthamore, i cili mundi\u00a0Ebrahim Raisin\u00a0n\u00eb mandatin e tij t\u00eb dyt\u00eb. Por \u00ebsht\u00eb pik\u00ebrisht n\u00ebn Rouhani q\u00eb krahu\u00a0humbet plot\u00ebsisht besimin e popullit.<\/p>\n<div class=\"ads square\">\n<p>    <a href=\"https:\/\/track.adform.net\/C\/?bn=73199340;C=0\" target=\"_blank\" rel=\"noopener\"><br \/>\n    <img loading=\"lazy\" decoding=\"async\" src=\"https:\/\/track.adform.net\/adfserve\/?bn=73199340;srctype=4;ord=%5Btimestamp%5D\" border=\"0\" width=\"300\" height=\"250\" alt=\"reklama iqos\"><br \/>\n    <\/a><\/p><\/div>\n<p>\u201cShum\u00eb prej nesh votuam p\u00ebr t\u00eb. Por pas 2017 dhe 2019, ne nuk mund t\u00eb vazhdonim t\u00eb blinim g\u00ebnjeshtrat e tij\u201d, thot\u00eb Ali, nga Teherani. Ai p\u00ebrmend vitin 2019 sepse m\u00eb 15 n\u00ebntor shp\u00ebrthejn\u00eb protesta t\u00eb tjera p\u00ebr nj\u00eb rritje dramatike t\u00eb benzin\u00ebs.\u00a0N\u00eb tre dit\u00eb regjimi vret mbi 1500 njer\u00ebz.<\/p>\n<p>Le t\u00eb flasim s\u00ebrish p\u00ebr reformist\u00ebt sepse mes emrave q\u00eb b\u00ebjn\u00eb xhiron e gar\u00ebs presidenciale t\u00eb thirrur pas vdekjes s\u00eb presidentit Ebrahim Raisi, figuron edhe ai i Rouhani.<\/p>\n<p>\u201cQ\u00eb nga viti 2021, q\u00eb nga zgjedhja e Raisi-t, t\u00eb gjitha organet e pushtetit jan\u00eb n\u00eb duart e konservator\u00ebve.\u00a0Nuk mendoj se Rouhani ka shanse reale,\u00a0Khamenei\u00a0nuk e do at\u00eb\u00a0dhe ai thjesht u refuzua n\u00eb gar\u00ebn p\u00ebr Asamblen\u00eb e Ekspert\u00ebve\u201d, shpjegon Arash Azizi, politologu dhe shkrimtar iranian.<\/p>\n<p>Sipas Azizit, dy me shanse mund t\u00eb jen\u00eb i moderuari Ali Larijani ose reformisti Majid Ansari.<\/p>\n<p>Por pse duhet t\u00eb hapet Khamenei ndaj t\u00eb moderuarve?<\/p>\n<p>\u201cUn\u00eb dyshoj se do ta b\u00ebj\u00eb. Ndoshta me shpres\u00ebn e pjes\u00ebmarrjes m\u00eb t\u00eb madhe t\u00eb votuesve. Por ai po k\u00ebrkon nj\u00eb njeri t\u00eb tijin, si ultra-konservator\u00ebt Saeed Jalili dhe Mohammad Bagher Ghalibaf. Ai e di se ky \u00ebsht\u00eb presidenti q\u00eb mund t\u00eb menaxhoj\u00eb vdekjen e tij\u201d.<\/p>\n<p>Sh\u00ebmb\u00eblltyra e reformist\u00ebve fillon me\u00a0Mohammad Khatami, president nga viti 1997 deri n\u00eb 2005.\u00a0Ai \u00ebsht\u00eb nj\u00eb mullah q\u00eb flet p\u00ebr Per\u00ebndimin, demokracin\u00eb, t\u00eb drejtat e grave. Ai b\u00ebn reforma t\u00eb brendshme q\u00eb lindin shpres\u00eb, por p\u00ebrplaset me konservator\u00ebt.<\/p>\n<p>\u201cNe t\u00eb rinjt\u00eb menduam se jeta jon\u00eb do t\u00eb ndryshonte\u201d,\u00a0vazhdon Aliu, \u201cm\u00eb pas erdhi konservatori Ahmadinexhad\u201d.<\/p>\n<p>Goditja e par\u00eb e madhe ndaj reformizmit ndodhi n\u00eb vitin 2009, kur miliona njer\u00ebz votuan p\u00ebr Mousavi, por p\u00ebrmes mashtrimit zgjedhor Ahmadinexhad fitoi mandatin e tij t\u00eb dyt\u00eb. Nj\u00eb v\u00ebrshim njer\u00ebzish del n\u00eb rrug\u00eb. Represioni i regjimit \u201cdhe fillimi i fundit t\u00eb nj\u00eb \u00ebndrre\u201d, thot\u00eb Ali.<\/p>\n<p><em>Marr\u00eb nga Corriere Della Sera, p\u00ebrshtatur p\u00ebr Albanian Post<\/em><\/p>\n<p>The post <a rel=\"nofollow\" href=\"https:\/\/albanianpost.com\/irani-reformat-dhe-shtypja-cfare-ndodhi-me-te-moderuarit-dhe-reformistet\/\">Irani, reformat dhe shtypja \u2013 \u00c7far\u00eb ndodhi me t\u00eb moderuarit dhe reformist\u00ebt<\/a> appeared first on <a rel=\"nofollow\" href=\"https:\/\/albanianpost.com\/\">Albanian Post<\/a>.<\/p>\n","protected":false},"excerpt":{"rendered":"<p>Fundi i reformist\u00ebve daton m\u00eb 28 dhjetor 2017. Protestohet p\u00ebr koston e lart\u00eb t\u00eb jetes\u00ebs dhe p\u00ebr her\u00eb t\u00eb par\u00eb d\u00ebgjohet ky slogan:\u00a0\u201cReformist\u00eb, ekstremist\u00eb, loja mbaroi\u201d. N\u00eb m\u00eb pak se dhjet\u00eb dit\u00eb, pothuajse nj\u00ebqind njer\u00ebz u vran\u00eb. Madje\u00a0edhe shpresa se Republika Islamike mund t\u00eb reformohej\u00a0u shpartallua.\u00a0P\u00ebr shum\u00eb njer\u00ebz \u00ebsht\u00eb e qart\u00eb se ka vet\u00ebm nj\u00eb [&hellip;]<\/p>\n","protected":false},"author":1,"featured_media":3227,"comment_status":"open","ping_status":"open","sticky":false,"template":"","format":"standard","meta":{"footnotes":""},"categories":[1],"tags":[],"class_list":["post-3226","post","type-post","status-publish","format-standard","has-post-thumbnail","hentry","category-uncategorized"],"_links":{"self":[{"href":"https:\/\/radiogjilani.com\/index.php\/wp-json\/wp\/v2\/posts\/3226","targetHints":{"allow":["GET"]}}],"collection":[{"href":"https:\/\/radiogjilani.com\/index.php\/wp-json\/wp\/v2\/posts"}],"about":[{"href":"https:\/\/radiogjilani.com\/index.php\/wp-json\/wp\/v2\/types\/post"}],"author":[{"embeddable":true,"href":"https:\/\/radiogjilani.com\/index.php\/wp-json\/wp\/v2\/users\/1"}],"replies":[{"embeddable":true,"href":"https:\/\/radiogjilani.com\/index.php\/wp-json\/wp\/v2\/comments?post=3226"}],"version-history":[{"count":0,"href":"https:\/\/radiogjilani.com\/index.php\/wp-json\/wp\/v2\/posts\/3226\/revisions"}],"wp:featuredmedia":[{"embeddable":true,"href":"https:\/\/radiogjilani.com\/index.php\/wp-json\/wp\/v2\/media\/3227"}],"wp:attachment":[{"href":"https:\/\/radiogjilani.com\/index.php\/wp-json\/wp\/v2\/media?parent=3226"}],"wp:term":[{"taxonomy":"category","embeddable":true,"href":"https:\/\/radiogjilani.com\/index.php\/wp-json\/wp\/v2\/categories?post=3226"},{"taxonomy":"post_tag","embeddable":true,"href":"https:\/\/radiogjilani.com\/index.php\/wp-json\/wp\/v2\/tags?post=3226"}],"curies":[{"name":"wp","href":"https:\/\/api.w.org\/{rel}","templated":true}]}}