{"id":3232,"date":"2024-05-23T02:01:16","date_gmt":"2024-05-23T02:01:16","guid":{"rendered":"https:\/\/radiogjilani.com\/index.php\/2024\/05\/23\/gruaja-e-george-clooney-njera-nder-ekspertet-ligjore-qe-rekomandoi-urdherarrestin-per-netanyahun\/"},"modified":"2024-05-23T02:01:16","modified_gmt":"2024-05-23T02:01:16","slug":"gruaja-e-george-clooney-njera-nder-ekspertet-ligjore-qe-rekomandoi-urdherarrestin-per-netanyahun","status":"publish","type":"post","link":"https:\/\/radiogjilani.com\/index.php\/2024\/05\/23\/gruaja-e-george-clooney-njera-nder-ekspertet-ligjore-qe-rekomandoi-urdherarrestin-per-netanyahun\/","title":{"rendered":"Gruaja e George Clooney, nj\u00ebra nd\u00ebr ekspertet ligjore q\u00eb rekomandoi urdh\u00ebrarrestin p\u00ebr Netanyahun"},"content":{"rendered":"<p><strong>Grupi Elita 5, \u00ebsht\u00eb kthyer me nj\u00eb projekt t\u00eb ri muzikor pas nj\u00eb kohe t\u00eb gjat\u00eb.<\/strong><\/p>\n<p>K\u00ebnga m\u00eb e re n\u00ebn interpretimin e frontmenit Arif Ziberi, titullohet \u201cNat\u00ebn e Mir\u00eb\u201d.<\/p>\n<p>Ky grup legjendar njihet p\u00ebr balat e bukura t\u00eb krijuara nd\u00ebr vite.<\/p>\n<p>Ata edhe k\u00ebsaj here kan\u00eb sjellur nj\u00eb k\u00ebng\u00eb goxha t\u00eb ve\u00e7ant\u00eb.<\/p>\n<p>K\u00ebnga \u201cNat\u00ebn e Mir\u00eb\u201d, \u00ebsht\u00eb publikua n\u00eb kanalin Youtube.<\/p>\n<\/p>\n<ul class=\"op-related-articles\" title=\"Showtime\">\n<li><a href=\"https:\/\/gazetablic.com\/gruaja-e-george-clooney-njera-nder-ekspertet-ligjore-qe-rekomandoi-urdherarrestin-per-netanyahun\/\"><\/a><\/li>\n<li><a href=\"https:\/\/gazetablic.com\/meghan-markle-dhe-princ-harry-shihen-ne-date-ne-pervjetorin-e-gjashte-te-marteses\/\"><\/a><\/li>\n<li><a href=\"https:\/\/gazetablic.com\/elita-5-thote-naten-e-mire\/\"><\/a><\/li>\n<\/ul>\n<p>The post <a rel=\"nofollow\" href=\"https:\/\/gazetablic.com\/elita-5-thote-naten-e-mire\/\">Elita 5 thot\u00eb \u201cNat\u00ebn e Mir\u00eb\u201d<\/a> appeared first on <a rel=\"nofollow\" href=\"https:\/\/gazetablic.com\/\">GazetaBlic<\/a>.<\/p>\n","protected":false},"excerpt":{"rendered":"<p>Grupi Elita 5, \u00ebsht\u00eb kthyer me nj\u00eb projekt t\u00eb ri muzikor pas nj\u00eb kohe t\u00eb gjat\u00eb. K\u00ebnga m\u00eb e re n\u00ebn interpretimin e frontmenit Arif Ziberi, titullohet \u201cNat\u00ebn e Mir\u00eb\u201d. Ky grup legjendar njihet p\u00ebr balat e bukura t\u00eb krijuara nd\u00ebr vite. Ata edhe k\u00ebsaj here kan\u00eb sjellur nj\u00eb k\u00ebng\u00eb goxha t\u00eb ve\u00e7ant\u00eb. K\u00ebnga \u201cNat\u00ebn [&hellip;]<\/p>\n","protected":false},"author":1,"featured_media":3233,"comment_status":"open","ping_status":"open","sticky":false,"template":"","format":"standard","meta":{"footnotes":""},"categories":[22],"tags":[],"class_list":["post-3232","post","type-post","status-publish","format-standard","has-post-thumbnail","hentry","category-showbiz"],"_links":{"self":[{"href":"https:\/\/radiogjilani.com\/index.php\/wp-json\/wp\/v2\/posts\/3232","targetHints":{"allow":["GET"]}}],"collection":[{"href":"https:\/\/radiogjilani.com\/index.php\/wp-json\/wp\/v2\/posts"}],"about":[{"href":"https:\/\/radiogjilani.com\/index.php\/wp-json\/wp\/v2\/types\/post"}],"author":[{"embeddable":true,"href":"https:\/\/radiogjilani.com\/index.php\/wp-json\/wp\/v2\/users\/1"}],"replies":[{"embeddable":true,"href":"https:\/\/radiogjilani.com\/index.php\/wp-json\/wp\/v2\/comments?post=3232"}],"version-history":[{"count":0,"href":"https:\/\/radiogjilani.com\/index.php\/wp-json\/wp\/v2\/posts\/3232\/revisions"}],"wp:featuredmedia":[{"embeddable":true,"href":"https:\/\/radiogjilani.com\/index.php\/wp-json\/wp\/v2\/media\/3233"}],"wp:attachment":[{"href":"https:\/\/radiogjilani.com\/index.php\/wp-json\/wp\/v2\/media?parent=3232"}],"wp:term":[{"taxonomy":"category","embeddable":true,"href":"https:\/\/radiogjilani.com\/index.php\/wp-json\/wp\/v2\/categories?post=3232"},{"taxonomy":"post_tag","embeddable":true,"href":"https:\/\/radiogjilani.com\/index.php\/wp-json\/wp\/v2\/tags?post=3232"}],"curies":[{"name":"wp","href":"https:\/\/api.w.org\/{rel}","templated":true}]}}