{"id":3242,"date":"2024-05-24T04:49:22","date_gmt":"2024-05-24T04:49:22","guid":{"rendered":"https:\/\/radiogjilani.com\/index.php\/2024\/05\/24\/krasniqi-7-korriku-data-e-fundit-per-zgjedhje-te-parakohshme\/"},"modified":"2024-05-24T04:49:22","modified_gmt":"2024-05-24T04:49:22","slug":"krasniqi-7-korriku-data-e-fundit-per-zgjedhje-te-parakohshme","status":"publish","type":"post","link":"https:\/\/radiogjilani.com\/index.php\/2024\/05\/24\/krasniqi-7-korriku-data-e-fundit-per-zgjedhje-te-parakohshme\/","title":{"rendered":"Krasniqi: 7 korriku, data e fundit p\u00ebr zgjedhje t\u00eb parakohshme"},"content":{"rendered":"<p>Kryetari i Partis\u00eb Demokratike t\u00eb Kosov\u00ebs, Memli Krasniqi, tha se partia q\u00eb ai drejton ka propozuar tri data p\u00ebr mbajtjen e zgjedhjeve t\u00eb parakohshme. Krasniqi tha se sipas PDK-s\u00eb, afati i fundit p\u00ebr mbajtjen e k\u00ebtyre zgjedhjeve duhet t\u00eb jet\u00eb 7 korriku. \u201cKam besuar q\u00eb data m\u00eb e mir\u00eb, edhe p\u00ebr simbolik\u00eb ka qen\u00eb 9 qershori, sepse me 9 qershor mbahen edhe zgjedhjet n\u00eb Parlamentin Evropian&#8230;<\/p>\n<p><a href=\"https:\/\/ekonomiaonline.com\/krasniqi-7-korriku-data-e-fundit-per-zgjedhje-te-parakohshme\/\" rel=\"nofollow\">Source<\/a><\/p>\n","protected":false},"excerpt":{"rendered":"<p>Kryetari i Partis\u00eb Demokratike t\u00eb Kosov\u00ebs, Memli Krasniqi, tha se partia q\u00eb ai drejton ka propozuar tri data p\u00ebr mbajtjen e zgjedhjeve t\u00eb parakohshme. Krasniqi tha se sipas PDK-s\u00eb, afati i fundit p\u00ebr mbajtjen e k\u00ebtyre zgjedhjeve duhet t\u00eb jet\u00eb 7 korriku. \u201cKam besuar q\u00eb data m\u00eb e mir\u00eb, edhe p\u00ebr simbolik\u00eb ka qen\u00eb 9 [&hellip;]<\/p>\n","protected":false},"author":1,"featured_media":3243,"comment_status":"open","ping_status":"open","sticky":false,"template":"","format":"standard","meta":{"footnotes":""},"categories":[19],"tags":[],"class_list":["post-3242","post","type-post","status-publish","format-standard","has-post-thumbnail","hentry","category-eko"],"_links":{"self":[{"href":"https:\/\/radiogjilani.com\/index.php\/wp-json\/wp\/v2\/posts\/3242","targetHints":{"allow":["GET"]}}],"collection":[{"href":"https:\/\/radiogjilani.com\/index.php\/wp-json\/wp\/v2\/posts"}],"about":[{"href":"https:\/\/radiogjilani.com\/index.php\/wp-json\/wp\/v2\/types\/post"}],"author":[{"embeddable":true,"href":"https:\/\/radiogjilani.com\/index.php\/wp-json\/wp\/v2\/users\/1"}],"replies":[{"embeddable":true,"href":"https:\/\/radiogjilani.com\/index.php\/wp-json\/wp\/v2\/comments?post=3242"}],"version-history":[{"count":0,"href":"https:\/\/radiogjilani.com\/index.php\/wp-json\/wp\/v2\/posts\/3242\/revisions"}],"wp:featuredmedia":[{"embeddable":true,"href":"https:\/\/radiogjilani.com\/index.php\/wp-json\/wp\/v2\/media\/3243"}],"wp:attachment":[{"href":"https:\/\/radiogjilani.com\/index.php\/wp-json\/wp\/v2\/media?parent=3242"}],"wp:term":[{"taxonomy":"category","embeddable":true,"href":"https:\/\/radiogjilani.com\/index.php\/wp-json\/wp\/v2\/categories?post=3242"},{"taxonomy":"post_tag","embeddable":true,"href":"https:\/\/radiogjilani.com\/index.php\/wp-json\/wp\/v2\/tags?post=3242"}],"curies":[{"name":"wp","href":"https:\/\/api.w.org\/{rel}","templated":true}]}}