{"id":3246,"date":"2024-05-24T04:49:20","date_gmt":"2024-05-24T04:49:20","guid":{"rendered":"https:\/\/radiogjilani.com\/index.php\/2024\/05\/24\/krasniqi-menyra-e-shkuarjes-ne-zgjedhje-te-reja-nuk-ndikon-ne-rezultatin-zgjedhor\/"},"modified":"2024-05-24T04:49:20","modified_gmt":"2024-05-24T04:49:20","slug":"krasniqi-menyra-e-shkuarjes-ne-zgjedhje-te-reja-nuk-ndikon-ne-rezultatin-zgjedhor","status":"publish","type":"post","link":"https:\/\/radiogjilani.com\/index.php\/2024\/05\/24\/krasniqi-menyra-e-shkuarjes-ne-zgjedhje-te-reja-nuk-ndikon-ne-rezultatin-zgjedhor\/","title":{"rendered":"Krasniqi: M\u00ebnyra e shkuarjes n\u00eb zgjedhje t\u00eb reja nuk ndikon n\u00eb rezultatin zgjedhor"},"content":{"rendered":"<p>Sipas kryetarit t\u00eb PDK-s\u00eb, Memli Krasniqi, m\u00ebnyra e shkuarjes n\u00eb zgjedhje t\u00eb reja parlamentare nuk ndikon n\u00eb rezultatin e zgjedhjeve. Krasniqi tha se vendi ka nevoj\u00eb q\u00eb zgjedhjet e reja t\u00eb mbahen sa m\u00eb par\u00eb, prandaj PDK ka shprehur gatishm\u00ebrin\u00eb q\u00eb kjo t\u00eb b\u00ebhet e mundur n\u00eb cilido opsion. \u201cKemi preferuar dor\u00ebheqjen, por n\u00eb munges\u00eb t\u00eb dor\u00ebheqjes, apo mocionit p\u00ebr \u00e7ka duhen votat t\u00eb cilat ne si&#8230;<\/p>\n<p><a href=\"https:\/\/ekonomiaonline.com\/krasniqi-menyra-e-shkuarjes-ne-zgjedhje-te-reja-nuk-ndikon-ne-rezultatin-zgjedhor\/\" rel=\"nofollow\">Source<\/a><\/p>\n","protected":false},"excerpt":{"rendered":"<p>Sipas kryetarit t\u00eb PDK-s\u00eb, Memli Krasniqi, m\u00ebnyra e shkuarjes n\u00eb zgjedhje t\u00eb reja parlamentare nuk ndikon n\u00eb rezultatin e zgjedhjeve. Krasniqi tha se vendi ka nevoj\u00eb q\u00eb zgjedhjet e reja t\u00eb mbahen sa m\u00eb par\u00eb, prandaj PDK ka shprehur gatishm\u00ebrin\u00eb q\u00eb kjo t\u00eb b\u00ebhet e mundur n\u00eb cilido opsion. \u201cKemi preferuar dor\u00ebheqjen, por n\u00eb munges\u00eb [&hellip;]<\/p>\n","protected":false},"author":1,"featured_media":3247,"comment_status":"open","ping_status":"open","sticky":false,"template":"","format":"standard","meta":{"footnotes":""},"categories":[19],"tags":[],"class_list":["post-3246","post","type-post","status-publish","format-standard","has-post-thumbnail","hentry","category-eko"],"_links":{"self":[{"href":"https:\/\/radiogjilani.com\/index.php\/wp-json\/wp\/v2\/posts\/3246","targetHints":{"allow":["GET"]}}],"collection":[{"href":"https:\/\/radiogjilani.com\/index.php\/wp-json\/wp\/v2\/posts"}],"about":[{"href":"https:\/\/radiogjilani.com\/index.php\/wp-json\/wp\/v2\/types\/post"}],"author":[{"embeddable":true,"href":"https:\/\/radiogjilani.com\/index.php\/wp-json\/wp\/v2\/users\/1"}],"replies":[{"embeddable":true,"href":"https:\/\/radiogjilani.com\/index.php\/wp-json\/wp\/v2\/comments?post=3246"}],"version-history":[{"count":0,"href":"https:\/\/radiogjilani.com\/index.php\/wp-json\/wp\/v2\/posts\/3246\/revisions"}],"wp:featuredmedia":[{"embeddable":true,"href":"https:\/\/radiogjilani.com\/index.php\/wp-json\/wp\/v2\/media\/3247"}],"wp:attachment":[{"href":"https:\/\/radiogjilani.com\/index.php\/wp-json\/wp\/v2\/media?parent=3246"}],"wp:term":[{"taxonomy":"category","embeddable":true,"href":"https:\/\/radiogjilani.com\/index.php\/wp-json\/wp\/v2\/categories?post=3246"},{"taxonomy":"post_tag","embeddable":true,"href":"https:\/\/radiogjilani.com\/index.php\/wp-json\/wp\/v2\/tags?post=3246"}],"curies":[{"name":"wp","href":"https:\/\/api.w.org\/{rel}","templated":true}]}}