{"id":3250,"date":"2024-05-24T04:49:18","date_gmt":"2024-05-24T04:49:18","guid":{"rendered":"https:\/\/radiogjilani.com\/index.php\/2024\/05\/24\/krasniqi-nuk-duhet-qe-vetem-votat-e-pdk-se-dhe-lvv-se-ta-shperndajne-kuvendin\/"},"modified":"2024-05-24T04:49:18","modified_gmt":"2024-05-24T04:49:18","slug":"krasniqi-nuk-duhet-qe-vetem-votat-e-pdk-se-dhe-lvv-se-ta-shperndajne-kuvendin","status":"publish","type":"post","link":"https:\/\/radiogjilani.com\/index.php\/2024\/05\/24\/krasniqi-nuk-duhet-qe-vetem-votat-e-pdk-se-dhe-lvv-se-ta-shperndajne-kuvendin\/","title":{"rendered":"Krasniqi: Nuk duhet q\u00eb vet\u00ebm votat e PDK-s\u00eb dhe LVV-s\u00eb ta shp\u00ebrndajn\u00eb kuvendin"},"content":{"rendered":"<p>Kryetari i PDK-s\u00eb, Memli Krasniqi, tha se partia q\u00eb ai drejton beson se duhet t\u00eb ekzistoj nj\u00eb qasje e re ndaj List\u00ebs Serbe, pas sulmeve t\u00eb shtatorit n\u00eb Banjsk\u00eb. \u201cMe List\u00ebn Serbe n\u00eb asnj\u00eb m\u00ebnyr\u00eb, edhe n\u00ebse do t\u00eb ishim duke votuar shp\u00ebrndarjen e Kuvendit, n\u00ebse Lista Serbe do t\u00eb thoshte po votoj edhe un\u00eb , ne aty e kishim nd\u00ebrpre, besoj se duhet ta kemi nj\u00eb qasje t\u00eb re, sidomos pas sulmit n\u00eb Banjsk\u00eb&#8230;<\/p>\n<p><a href=\"https:\/\/ekonomiaonline.com\/krasniqi-nuk-duhet-qe-vetem-votat-e-pdk-se-dhe-lvv-se-ta-shperndajne-kuvendin\/\" rel=\"nofollow\">Source<\/a><\/p>\n","protected":false},"excerpt":{"rendered":"<p>Kryetari i PDK-s\u00eb, Memli Krasniqi, tha se partia q\u00eb ai drejton beson se duhet t\u00eb ekzistoj nj\u00eb qasje e re ndaj List\u00ebs Serbe, pas sulmeve t\u00eb shtatorit n\u00eb Banjsk\u00eb. \u201cMe List\u00ebn Serbe n\u00eb asnj\u00eb m\u00ebnyr\u00eb, edhe n\u00ebse do t\u00eb ishim duke votuar shp\u00ebrndarjen e Kuvendit, n\u00ebse Lista Serbe do t\u00eb thoshte po votoj edhe un\u00eb [&hellip;]<\/p>\n","protected":false},"author":1,"featured_media":3251,"comment_status":"open","ping_status":"open","sticky":false,"template":"","format":"standard","meta":{"footnotes":""},"categories":[19],"tags":[],"class_list":["post-3250","post","type-post","status-publish","format-standard","has-post-thumbnail","hentry","category-eko"],"_links":{"self":[{"href":"https:\/\/radiogjilani.com\/index.php\/wp-json\/wp\/v2\/posts\/3250","targetHints":{"allow":["GET"]}}],"collection":[{"href":"https:\/\/radiogjilani.com\/index.php\/wp-json\/wp\/v2\/posts"}],"about":[{"href":"https:\/\/radiogjilani.com\/index.php\/wp-json\/wp\/v2\/types\/post"}],"author":[{"embeddable":true,"href":"https:\/\/radiogjilani.com\/index.php\/wp-json\/wp\/v2\/users\/1"}],"replies":[{"embeddable":true,"href":"https:\/\/radiogjilani.com\/index.php\/wp-json\/wp\/v2\/comments?post=3250"}],"version-history":[{"count":0,"href":"https:\/\/radiogjilani.com\/index.php\/wp-json\/wp\/v2\/posts\/3250\/revisions"}],"wp:featuredmedia":[{"embeddable":true,"href":"https:\/\/radiogjilani.com\/index.php\/wp-json\/wp\/v2\/media\/3251"}],"wp:attachment":[{"href":"https:\/\/radiogjilani.com\/index.php\/wp-json\/wp\/v2\/media?parent=3250"}],"wp:term":[{"taxonomy":"category","embeddable":true,"href":"https:\/\/radiogjilani.com\/index.php\/wp-json\/wp\/v2\/categories?post=3250"},{"taxonomy":"post_tag","embeddable":true,"href":"https:\/\/radiogjilani.com\/index.php\/wp-json\/wp\/v2\/tags?post=3250"}],"curies":[{"name":"wp","href":"https:\/\/api.w.org\/{rel}","templated":true}]}}