{"id":3314,"date":"2024-05-25T04:48:53","date_gmt":"2024-05-25T04:48:53","guid":{"rendered":"https:\/\/radiogjilani.com\/index.php\/2024\/05\/25\/osmani-e-falenderon-ambasadorin-italian-per-dergimin-e-trupave-te-kfor-it-tendencat-e-serbise-per-destabilizim-te-rajonit-po-vazhdojne\/"},"modified":"2024-05-25T04:48:53","modified_gmt":"2024-05-25T04:48:53","slug":"osmani-e-falenderon-ambasadorin-italian-per-dergimin-e-trupave-te-kfor-it-tendencat-e-serbise-per-destabilizim-te-rajonit-po-vazhdojne","status":"publish","type":"post","link":"https:\/\/radiogjilani.com\/index.php\/2024\/05\/25\/osmani-e-falenderon-ambasadorin-italian-per-dergimin-e-trupave-te-kfor-it-tendencat-e-serbise-per-destabilizim-te-rajonit-po-vazhdojne\/","title":{"rendered":"Osmani e fal\u00ebnderon ambasadorin italian p\u00ebr d\u00ebrgimin e trupave t\u00eb KFOR-it: Tendencat e Serbis\u00eb p\u00ebr destabilizim t\u00eb rajonit po vazhdojn\u00eb"},"content":{"rendered":"<p>Presidentja e Kosov\u00ebs, Vjosa Osmani, \u00ebsht\u00eb takuar me ambasadorin italian, Antonello De Riu, ku ka theksuar k\u00ebrc\u00ebnimet e vazhdueshme q\u00eb po b\u00ebn Serbia me q\u00ebllim t\u00eb destabilizimit t\u00eb rajonit.<\/p>\n<p>\u201cN\u00eb takim u diskutua p\u00ebr zhvillimet e fundit n\u00eb vend, me theks t\u00eb ve\u00e7ant\u00eb n\u00eb zhvillimet e siguris\u00eb, duke pasur parasysh k\u00ebrc\u00ebnimet e vazhdueshme dhe tendencat e Serbis\u00eb p\u00ebr destabilizim t\u00eb rajonit\u201d.<\/p>\n<p>P\u00ebrmes nj\u00eb komunikate p\u00ebr media \u00ebsht\u00eb th\u00ebn\u00eb se Osmani e fal\u00ebnderoi ambasadorin edhe p\u00ebr d\u00ebrgimin e trupave italian t\u00eb KFOR-it n\u00eb Kosov\u00eb.<\/p>\n<p>\u201cN\u00eb takim u diskutua edhe p\u00ebr kontributin e trupave italiane n\u00eb kuad\u00ebr t\u00eb KFOR-it p\u00ebr mir\u00ebmbajtjen e paqes dhe siguris\u00eb n\u00eb vend, me \u00e7\u2019rast Presidentja Osmani vler\u00ebsoi lart\u00eb angazhimin e tyre dhe mb\u00ebshtetjen e vazhdueshme t\u00eb Italis\u00eb n\u00eb k\u00ebt\u00eb drejtim\u201d.<\/p>\n<div class=\"ads square\">\n<p>    <a href=\"https:\/\/track.adform.net\/C\/?bn=73199340;C=0\" target=\"_blank\" rel=\"noopener\"><br \/>\n    <img loading=\"lazy\" decoding=\"async\" src=\"https:\/\/track.adform.net\/adfserve\/?bn=73199340;srctype=4;ord=%5Btimestamp%5D\" border=\"0\" width=\"300\" height=\"250\" alt=\"reklama iqos\"><br \/>\n    <\/a><\/p><\/div>\n<\/p>\n<p>\u201cPresidentja Osmani ka ritheksuar p\u00ebrkushtimin p\u00ebr bashk\u00ebpunimin t\u00eb ngusht\u00eb me Italin\u00eb dhe ka ripotencuar gatishm\u00ebrin\u00eb p\u00ebr intensifikim t\u00eb raporteve bilaterale\u201d, thuhet n\u00eb komunikat\u00ebn e Zyr\u00ebs s\u00eb Presidenc\u00ebs.<\/p>\n<p>Osmani, gjat\u00eb s\u00eb premtes \u00ebsht\u00eb takuar edhe me <a href=\"https:\/\/albanianpost.com\/situata-e-sigurise-teme-diskutimi-mes-osmanit-dhe-komandantit-te-kfor-it\/\">komandantin e KFOR-it<\/a>, p\u00ebr t\u00eb diskutuar p\u00ebr situat\u00ebn e siguris\u00eb.<\/p>\n<p>E para e shtetit e ka fal\u00ebnderuar komandantin e KFOR-it, p\u00ebr angazhimin e tij personal, si dhe t\u00eb gjith\u00eb ushtar\u00ebve t\u00eb KFOR-it, p\u00ebr mir\u00ebmbajtjen e paqes dhe siguris\u00eb n\u00eb vend.<\/p>\n<p>The post <a rel=\"nofollow\" href=\"https:\/\/albanianpost.com\/tendencat-e-serbise-per-destabilizim-te-rajonit-po-vazhdojne-thote-osmani\/\">Osmani e fal\u00ebnderon ambasadorin italian p\u00ebr d\u00ebrgimin e trupave t\u00eb KFOR-it: Tendencat e Serbis\u00eb p\u00ebr destabilizim t\u00eb rajonit po vazhdojn\u00eb<\/a> appeared first on <a rel=\"nofollow\" href=\"https:\/\/albanianpost.com\/\">Albanian Post<\/a>.<\/p>\n","protected":false},"excerpt":{"rendered":"<p>Presidentja e Kosov\u00ebs, Vjosa Osmani, \u00ebsht\u00eb takuar me ambasadorin italian, Antonello De Riu, ku ka theksuar k\u00ebrc\u00ebnimet e vazhdueshme q\u00eb po b\u00ebn Serbia me q\u00ebllim t\u00eb destabilizimit t\u00eb rajonit. \u201cN\u00eb takim u diskutua p\u00ebr zhvillimet e fundit n\u00eb vend, me theks t\u00eb ve\u00e7ant\u00eb n\u00eb zhvillimet e siguris\u00eb, duke pasur parasysh k\u00ebrc\u00ebnimet e vazhdueshme dhe tendencat [&hellip;]<\/p>\n","protected":false},"author":1,"featured_media":3315,"comment_status":"open","ping_status":"open","sticky":false,"template":"","format":"standard","meta":{"footnotes":""},"categories":[1],"tags":[],"class_list":["post-3314","post","type-post","status-publish","format-standard","has-post-thumbnail","hentry","category-uncategorized"],"_links":{"self":[{"href":"https:\/\/radiogjilani.com\/index.php\/wp-json\/wp\/v2\/posts\/3314","targetHints":{"allow":["GET"]}}],"collection":[{"href":"https:\/\/radiogjilani.com\/index.php\/wp-json\/wp\/v2\/posts"}],"about":[{"href":"https:\/\/radiogjilani.com\/index.php\/wp-json\/wp\/v2\/types\/post"}],"author":[{"embeddable":true,"href":"https:\/\/radiogjilani.com\/index.php\/wp-json\/wp\/v2\/users\/1"}],"replies":[{"embeddable":true,"href":"https:\/\/radiogjilani.com\/index.php\/wp-json\/wp\/v2\/comments?post=3314"}],"version-history":[{"count":0,"href":"https:\/\/radiogjilani.com\/index.php\/wp-json\/wp\/v2\/posts\/3314\/revisions"}],"wp:featuredmedia":[{"embeddable":true,"href":"https:\/\/radiogjilani.com\/index.php\/wp-json\/wp\/v2\/media\/3315"}],"wp:attachment":[{"href":"https:\/\/radiogjilani.com\/index.php\/wp-json\/wp\/v2\/media?parent=3314"}],"wp:term":[{"taxonomy":"category","embeddable":true,"href":"https:\/\/radiogjilani.com\/index.php\/wp-json\/wp\/v2\/categories?post=3314"},{"taxonomy":"post_tag","embeddable":true,"href":"https:\/\/radiogjilani.com\/index.php\/wp-json\/wp\/v2\/tags?post=3314"}],"curies":[{"name":"wp","href":"https:\/\/api.w.org\/{rel}","templated":true}]}}