{"id":3316,"date":"2024-05-25T04:49:48","date_gmt":"2024-05-25T04:49:48","guid":{"rendered":"https:\/\/radiogjilani.com\/index.php\/2024\/05\/25\/arrestohet-fero\/"},"modified":"2024-05-25T04:49:48","modified_gmt":"2024-05-25T04:49:48","slug":"arrestohet-fero","status":"publish","type":"post","link":"https:\/\/radiogjilani.com\/index.php\/2024\/05\/25\/arrestohet-fero\/","title":{"rendered":"Arrestohet Fero"},"content":{"rendered":"<p><strong>Amal Clooney \u00ebsht\u00eb nj\u00eb nga ekspert\u00ebt ligjor\u00eb q\u00eb rekomandoi q\u00eb kryeprokurori i gjykat\u00ebs m\u00eb t\u00eb lart\u00eb n\u00eb bot\u00eb p\u00ebr krimet e luft\u00ebs t\u00eb k\u00ebrkoj\u00eb urdh\u00ebr-arrest p\u00ebr kryeministrin izraelit Benjamin Netanyahu dhe udh\u00ebheq\u00ebsit e grupit militant Hamas.<\/strong><\/p>\n<p>Avokatja e t\u00eb drejtave t\u00eb njeriut dhe gruaja e aktorit George Clooney shkroi p\u00ebr pjes\u00ebmarrjen e saj n\u00eb nj\u00eb let\u00ebr t\u00eb postuar t\u00eb h\u00ebn\u00ebn n\u00eb faqen e internetit t\u00eb Fondacionit Clooney p\u00ebr Drejt\u00ebsi. Ajo tha se ajo dhe ekspert\u00eb t\u00eb tjer\u00eb t\u00eb s\u00eb drejt\u00ebs nd\u00ebrkomb\u00ebtare ran\u00eb dakord nj\u00ebz\u00ebri t\u00eb rekomandojn\u00eb q\u00eb kryeprokurori i Gjykat\u00ebs Penale Nd\u00ebrkomb\u00ebtare, Karim Khan, t\u00eb k\u00ebrkoj\u00eb urdh\u00ebrat, shkruan abcnews, p\u00ebrcjell klankosova.tv.<\/p>\n<p>Khan njoftoi synimin e tij p\u00ebr ta b\u00ebr\u00eb k\u00ebt\u00eb t\u00eb h\u00ebn\u00ebn, duke th\u00ebn\u00eb se veprimet e nd\u00ebrmarra nga lider\u00ebt izraelit\u00eb dhe Hamasi n\u00eb luft\u00ebn shtat\u00ebmujore n\u00eb Gaza p\u00ebrb\u00ebnin krime lufte.<\/p>\n<p>\u201cKam sh\u00ebrbyer n\u00eb k\u00ebt\u00eb panel sepse besoj n\u00eb sundimin e ligjit dhe nevoj\u00ebn p\u00ebr t\u00eb mbrojtur jet\u00ebt e civil\u00ebve\u201d, shkroi Clooney.<\/p>\n<p>\u201cLigji q\u00eb mbron civil\u00ebt n\u00eb luft\u00eb \u00ebsht\u00eb zhvilluar m\u00eb shum\u00eb se 100 vjet m\u00eb par\u00eb dhe ai zbatohet n\u00eb \u00e7do vend t\u00eb bot\u00ebs pavar\u00ebsisht nga arsyet e nj\u00eb konflikti\u201d.<\/p>\n<p>Paneli p\u00ebrb\u00ebhej nga ekspert\u00eb n\u00eb t\u00eb drejt\u00ebn nd\u00ebrkomb\u00ebtare humanitare dhe t\u00eb drejt\u00ebn penale nd\u00ebrkomb\u00ebtare, dhe dy nga an\u00ebtar\u00ebt e tij jan\u00eb ish-gjyqtar\u00eb n\u00eb gjykatat penale n\u00eb Hag\u00eb, ku ka selin\u00eb GJNP-ja, shkroi Clooney.<\/p>\n<p>Ajo shtoi se vendimi i tyre ishte unanim.<\/p>\n<p>Paneli botoi gjithashtu nj\u00eb opinion t\u00eb edituar n\u00eb lidhje me rekomandimin e tij n\u00eb Financial Times t\u00eb h\u00ebn\u00ebn.<\/p>\n<p>Nj\u00eb panel prej tre gjyqtar\u00ebsh n\u00eb GJNP do t\u00eb vendos\u00eb n\u00ebse do t\u00eb l\u00ebshoj\u00eb urdh\u00ebr-arrest dhe do t\u00eb lejoj\u00eb nj\u00eb \u00e7\u00ebshtje t\u00eb vazhdoj\u00eb.<\/p>\n<p>Gjyqtar\u00ebt zakonisht marrin dy muaj p\u00ebr t\u00eb marr\u00eb vendime t\u00eb tilla.<\/p>\n<p><img loading=\"lazy\" decoding=\"async\" class=\"alignnone  wp-image-3090941\" src=\"https:\/\/gazetablic.com\/wp-content\/uploads\/2024\/05\/678-46-300x300.jpg\" alt=\"\" width=\"1291\" height=\"1291\" srcset=\"https:\/\/gazetablic.com\/wp-content\/uploads\/2024\/05\/678-46-300x300.jpg 300w, https:\/\/gazetablic.com\/wp-content\/uploads\/2024\/05\/678-46-150x150.jpg 150w, https:\/\/gazetablic.com\/wp-content\/uploads\/2024\/05\/678-46-120x120.jpg 120w, https:\/\/gazetablic.com\/wp-content\/uploads\/2024\/05\/678-46.jpg 768w\" sizes=\"auto, (max-width: 1291px) 100vw, 1291px\"><\/p>\n<ul class=\"op-related-articles\" title=\"Showtime\">\n<li><a href=\"https:\/\/gazetablic.com\/arrestohet-fero-2\/\"><\/a><\/li>\n<li><a href=\"https:\/\/gazetablic.com\/ciljeta-xhilaga-dua-te-biresoj-nje-femije-do-e-realizoj-se-shpejti\/\"><\/a><\/li>\n<li><a href=\"https:\/\/gazetablic.com\/gruaja-e-george-clooney-njera-nder-ekspertet-ligjore-qe-rekomandoi-urdherarrestin-per-netanyahun\/\"><\/a><\/li>\n<\/ul>\n<p>The post <a rel=\"nofollow\" href=\"https:\/\/gazetablic.com\/gruaja-e-george-clooney-njera-nder-ekspertet-ligjore-qe-rekomandoi-urdherarrestin-per-netanyahun\/\">Gruaja e George Clooney, nj\u00ebra nd\u00ebr ekspertet ligjore q\u00eb rekomandoi urdh\u00ebrarrestin p\u00ebr Netanyahun<\/a> appeared first on <a rel=\"nofollow\" href=\"https:\/\/gazetablic.com\/\">GazetaBlic<\/a>.<\/p>\n","protected":false},"excerpt":{"rendered":"<p>Amal Clooney \u00ebsht\u00eb nj\u00eb nga ekspert\u00ebt ligjor\u00eb q\u00eb rekomandoi q\u00eb kryeprokurori i gjykat\u00ebs m\u00eb t\u00eb lart\u00eb n\u00eb bot\u00eb p\u00ebr krimet e luft\u00ebs t\u00eb k\u00ebrkoj\u00eb urdh\u00ebr-arrest p\u00ebr kryeministrin izraelit Benjamin Netanyahu dhe udh\u00ebheq\u00ebsit e grupit militant Hamas. Avokatja e t\u00eb drejtave t\u00eb njeriut dhe gruaja e aktorit George Clooney shkroi p\u00ebr pjes\u00ebmarrjen e saj n\u00eb nj\u00eb [&hellip;]<\/p>\n","protected":false},"author":1,"featured_media":3317,"comment_status":"open","ping_status":"open","sticky":false,"template":"","format":"standard","meta":{"footnotes":""},"categories":[22],"tags":[],"class_list":["post-3316","post","type-post","status-publish","format-standard","has-post-thumbnail","hentry","category-showbiz"],"_links":{"self":[{"href":"https:\/\/radiogjilani.com\/index.php\/wp-json\/wp\/v2\/posts\/3316","targetHints":{"allow":["GET"]}}],"collection":[{"href":"https:\/\/radiogjilani.com\/index.php\/wp-json\/wp\/v2\/posts"}],"about":[{"href":"https:\/\/radiogjilani.com\/index.php\/wp-json\/wp\/v2\/types\/post"}],"author":[{"embeddable":true,"href":"https:\/\/radiogjilani.com\/index.php\/wp-json\/wp\/v2\/users\/1"}],"replies":[{"embeddable":true,"href":"https:\/\/radiogjilani.com\/index.php\/wp-json\/wp\/v2\/comments?post=3316"}],"version-history":[{"count":0,"href":"https:\/\/radiogjilani.com\/index.php\/wp-json\/wp\/v2\/posts\/3316\/revisions"}],"wp:featuredmedia":[{"embeddable":true,"href":"https:\/\/radiogjilani.com\/index.php\/wp-json\/wp\/v2\/media\/3317"}],"wp:attachment":[{"href":"https:\/\/radiogjilani.com\/index.php\/wp-json\/wp\/v2\/media?parent=3316"}],"wp:term":[{"taxonomy":"category","embeddable":true,"href":"https:\/\/radiogjilani.com\/index.php\/wp-json\/wp\/v2\/categories?post=3316"},{"taxonomy":"post_tag","embeddable":true,"href":"https:\/\/radiogjilani.com\/index.php\/wp-json\/wp\/v2\/tags?post=3316"}],"curies":[{"name":"wp","href":"https:\/\/api.w.org\/{rel}","templated":true}]}}