{"id":3426,"date":"2024-05-27T05:28:39","date_gmt":"2024-05-27T05:28:39","guid":{"rendered":"https:\/\/radiogjilani.com\/index.php\/2024\/05\/27\/masakra-e-tusuzit-haradinaj-deshmi-e-gjalle-e-barbarise-serbe-sdo-te-ndalemi-kurre-se-kerkuari-drejtesi\/"},"modified":"2024-05-27T05:28:39","modified_gmt":"2024-05-27T05:28:39","slug":"masakra-e-tusuzit-haradinaj-deshmi-e-gjalle-e-barbarise-serbe-sdo-te-ndalemi-kurre-se-kerkuari-drejtesi","status":"publish","type":"post","link":"https:\/\/radiogjilani.com\/index.php\/2024\/05\/27\/masakra-e-tusuzit-haradinaj-deshmi-e-gjalle-e-barbarise-serbe-sdo-te-ndalemi-kurre-se-kerkuari-drejtesi\/","title":{"rendered":"Masakra e Tusuzit | Haradinaj: D\u00ebshmi e gjall\u00eb e barbaris\u00eb serbe \u2013 s\u2019do t\u00eb ndalemi kurr\u00eb s\u00eb k\u00ebrkuari drejt\u00ebsi"},"content":{"rendered":"<p>Kryetari i Aleanc\u00ebs p\u00ebr Ardhm\u00ebrin\u00eb e Kosov\u00ebs (AAK), Ramush Haradinaj, n\u00eb 25-vjetorin e masakr\u00ebs s\u00eb Tusuzit, ku m\u00eb 26 maj t\u00eb vitit 1999, forcat serbe ekzekutuan 27 shqiptare\u0308 te\u0308 pafajshe\u0308m ne\u0308 ke\u0308te\u0308 lagje t\u00eb Prizrenit, deklaroi se kjo masak\u00ebr, por edhe masakrat e tjera anek\u00ebnd Kosov\u00ebs, jan\u00eb d\u00ebshmi e gjall\u00eb e barbaris\u00eb s\u00eb shtetit serb mbi civil\u00ebt e pafajsh\u00ebm shqiptar\u00eb.<\/p>\n<p>\u201cT\u00eb vet\u00ebdijsh\u00ebm se po humbin luft\u00ebn, pak dit\u00eb para \u00e7lirimit, shteti serb intensifikoi terrorin ndaj popullit shqiptar. M\u00eb 26 maj 1999, forcat serbe ekzekutuan 27 shqiptare\u0308 te\u0308 pafajshe\u0308m ne\u0308 lagjen Tusuz t\u00eb Prizrenit, nd\u00ebrkaq dogj\u00ebn mbi 250 sht\u00ebpi n\u00eb tentim p\u00ebr zhb\u00ebrjen e qenies shqiptare. Kurr\u00eb s\u2019do t\u00eb harrojm\u00eb kujtimin p\u00ebr ta. Kurr\u00eb s\u2019do t\u00eb ndalemi s\u00eb k\u00ebrkuari drejt\u00ebsi\u201d.<\/p>\n<p>Masakra e Tusuzit konsiderohet t\u00eb jet\u00eb ngjarja m\u00eb e r\u00ebnd\u00eb n\u00eb qytetin e Prizrenit gjat\u00eb koh\u00ebs s\u00eb luft\u00ebs, ku n\u00eb operacionin e nj\u00ebsive policore serbe u masakruan 27 shqiptar\u00eb, p\u00ebrfshir\u00eb gra, f\u00ebmij\u00eb e pleq. N\u00eb lapidarin e t\u00eb r\u00ebn\u00ebve \u00ebsht\u00eb i skalitur emri i Behar Abdylmexhitit, i cili at\u00ebkoh\u00eb ishte vet\u00ebm 17-vje\u00e7, si dhe Fazile Maqkaj, e cila u dogj e gjall\u00eb n\u00eb karroc\u00ebn invalidore.<\/p>\n<p>Serbia nuk i ka pranuar krimet e luft\u00ebs n\u00eb Kosov\u00eb, nuk ka k\u00ebrkuar falje dhe nuk \u00ebsht\u00eb treguar e gatshme t\u00eb bashk\u00ebpunojn\u00eb me drejt\u00ebsin\u00eb nd\u00ebrkomb\u00ebtare p\u00ebr t\u2019i dor\u00ebzuar kriminel\u00ebt e luft\u00ebs dhe p\u00ebr t\u00eb dh\u00ebn\u00eb informacione p\u00ebr varrezat masive, ku jan\u00eb fshehur trupat e mij\u00ebra viktimave. Ndryshe, n\u00eb luft\u00ebn e fundit n\u00eb Kosov\u00eb vler\u00ebsohet se u vran\u00eb rreth 13 mij\u00eb e 500 persona.<\/p>\n<div class=\"ads square\">\n<p>    <a href=\"https:\/\/track.adform.net\/C\/?bn=73199340;C=0\" target=\"_blank\" rel=\"noopener\"><br \/>\n    <img loading=\"lazy\" decoding=\"async\" src=\"https:\/\/track.adform.net\/adfserve\/?bn=73199340;srctype=4;ord=%5Btimestamp%5D\" border=\"0\" width=\"300\" height=\"250\" alt=\"reklama iqos\"><br \/>\n    <\/a><\/p><\/div>\n<p>The post <a rel=\"nofollow\" href=\"https:\/\/albanianpost.com\/masakra-e-tusuzit-haradinaj-deshmi-e-gjalle-e-barbarise-serbe-sdo-te-ndalemi-kurre-se-kerkuari-drejtesi\/\">Masakra e Tusuzit | Haradinaj: D\u00ebshmi e gjall\u00eb e barbaris\u00eb serbe \u2013 s\u2019do t\u00eb ndalemi kurr\u00eb s\u00eb k\u00ebrkuari drejt\u00ebsi<\/a> appeared first on <a rel=\"nofollow\" href=\"https:\/\/albanianpost.com\/\">Albanian Post<\/a>.<\/p>\n","protected":false},"excerpt":{"rendered":"<p>Kryetari i Aleanc\u00ebs p\u00ebr Ardhm\u00ebrin\u00eb e Kosov\u00ebs (AAK), Ramush Haradinaj, n\u00eb 25-vjetorin e masakr\u00ebs s\u00eb Tusuzit, ku m\u00eb 26 maj t\u00eb vitit 1999, forcat serbe ekzekutuan 27 shqiptare\u0308 te\u0308 pafajshe\u0308m ne\u0308 ke\u0308te\u0308 lagje t\u00eb Prizrenit, deklaroi se kjo masak\u00ebr, por edhe masakrat e tjera anek\u00ebnd Kosov\u00ebs, jan\u00eb d\u00ebshmi e gjall\u00eb e barbaris\u00eb s\u00eb shtetit serb [&hellip;]<\/p>\n","protected":false},"author":1,"featured_media":3427,"comment_status":"open","ping_status":"open","sticky":false,"template":"","format":"standard","meta":{"footnotes":""},"categories":[1],"tags":[],"class_list":["post-3426","post","type-post","status-publish","format-standard","has-post-thumbnail","hentry","category-uncategorized"],"_links":{"self":[{"href":"https:\/\/radiogjilani.com\/index.php\/wp-json\/wp\/v2\/posts\/3426","targetHints":{"allow":["GET"]}}],"collection":[{"href":"https:\/\/radiogjilani.com\/index.php\/wp-json\/wp\/v2\/posts"}],"about":[{"href":"https:\/\/radiogjilani.com\/index.php\/wp-json\/wp\/v2\/types\/post"}],"author":[{"embeddable":true,"href":"https:\/\/radiogjilani.com\/index.php\/wp-json\/wp\/v2\/users\/1"}],"replies":[{"embeddable":true,"href":"https:\/\/radiogjilani.com\/index.php\/wp-json\/wp\/v2\/comments?post=3426"}],"version-history":[{"count":0,"href":"https:\/\/radiogjilani.com\/index.php\/wp-json\/wp\/v2\/posts\/3426\/revisions"}],"wp:featuredmedia":[{"embeddable":true,"href":"https:\/\/radiogjilani.com\/index.php\/wp-json\/wp\/v2\/media\/3427"}],"wp:attachment":[{"href":"https:\/\/radiogjilani.com\/index.php\/wp-json\/wp\/v2\/media?parent=3426"}],"wp:term":[{"taxonomy":"category","embeddable":true,"href":"https:\/\/radiogjilani.com\/index.php\/wp-json\/wp\/v2\/categories?post=3426"},{"taxonomy":"post_tag","embeddable":true,"href":"https:\/\/radiogjilani.com\/index.php\/wp-json\/wp\/v2\/tags?post=3426"}],"curies":[{"name":"wp","href":"https:\/\/api.w.org\/{rel}","templated":true}]}}