{"id":343,"date":"2021-11-01T17:01:47","date_gmt":"2021-11-01T17:01:47","guid":{"rendered":"https:\/\/radiogjilani.com\/?p=343"},"modified":"2021-11-01T17:01:48","modified_gmt":"2021-11-01T17:01:48","slug":"kjo-eshte-embelsira-e-preferuar-e-angelina-jolie-dhe-do-te-behet-edhe-e-juaja","status":"publish","type":"post","link":"https:\/\/radiogjilani.com\/index.php\/2021\/11\/01\/kjo-eshte-embelsira-e-preferuar-e-angelina-jolie-dhe-do-te-behet-edhe-e-juaja\/","title":{"rendered":"Kjo \u00ebsht\u00eb \u00ebmb\u00eblsira e preferuar e Angelina Jolie, dhe do t\u00eb b\u00ebhet edhe e juaja"},"content":{"rendered":"\n<p><strong>Dardhat n\u00eb ver\u00ebn e kuqe jan\u00eb nj\u00eb \u00ebmb\u00eblsir\u00eb p\u00ebr t\u2019u mbajtur n\u00eb mend!<\/strong><\/p>\n\n\n\n<p>Ylli i Hollywoodit Angelina Jolie lansoi \u201cRose\u201d me etiket\u00ebn e bodrumit t\u00eb saj n\u00eb k\u00ebshtjell\u00ebn \u201cMiraval\u201d disa vjet m\u00eb par\u00eb.<\/p>\n\n\n\n<p>Me ver\u00eb, por t\u00eb kuqe, ajo b\u00ebn nj\u00eb \u00ebmb\u00eblsir\u00eb t\u00eb preferuar, t\u00eb cil\u00ebn do t\u00eb mund ta quanim \u201cdardha t\u00eb dehur\u201d, transmeton Telegrafi.<\/p>\n\n\n\n<p><strong>P\u00ebrb\u00ebr\u00ebsit:<\/strong><\/p>\n\n\n\n<p><strong>\u2013 8 dardh\u00eb;<\/strong><br><strong>\u2013 sheqer kafe;<\/strong><br><strong>\u2013 1 yll anise;<\/strong><br><strong>\u2013 kanell\u00eb;<\/strong><br><strong>\u2013 limon;<\/strong><br><strong>\u2013 ver\u00eb e kuqe e \u00ebmb\u00ebl<\/strong><br><strong>\u2013 akullore ose krem p\u00ebr t\u00eb kompletuar.<\/strong><\/p>\n","protected":false},"excerpt":{"rendered":"<p>Dardhat n\u00eb ver\u00ebn e kuqe jan\u00eb nj\u00eb \u00ebmb\u00eblsir\u00eb p\u00ebr t\u2019u mbajtur n\u00eb mend! Ylli i Hollywoodit Angelina Jolie lansoi \u201cRose\u201d me etiket\u00ebn e bodrumit t\u00eb saj n\u00eb k\u00ebshtjell\u00ebn \u201cMiraval\u201d disa vjet m\u00eb par\u00eb. Me ver\u00eb, por t\u00eb kuqe, ajo b\u00ebn nj\u00eb \u00ebmb\u00eblsir\u00eb t\u00eb preferuar, t\u00eb cil\u00ebn do t\u00eb mund ta quanim \u201cdardha t\u00eb dehur\u201d, transmeton [&hellip;]<\/p>\n","protected":false},"author":1,"featured_media":344,"comment_status":"open","ping_status":"open","sticky":false,"template":"","format":"standard","meta":{"footnotes":""},"categories":[25],"tags":[],"class_list":["post-343","post","type-post","status-publish","format-standard","has-post-thumbnail","hentry","category-magazina"],"_links":{"self":[{"href":"https:\/\/radiogjilani.com\/index.php\/wp-json\/wp\/v2\/posts\/343","targetHints":{"allow":["GET"]}}],"collection":[{"href":"https:\/\/radiogjilani.com\/index.php\/wp-json\/wp\/v2\/posts"}],"about":[{"href":"https:\/\/radiogjilani.com\/index.php\/wp-json\/wp\/v2\/types\/post"}],"author":[{"embeddable":true,"href":"https:\/\/radiogjilani.com\/index.php\/wp-json\/wp\/v2\/users\/1"}],"replies":[{"embeddable":true,"href":"https:\/\/radiogjilani.com\/index.php\/wp-json\/wp\/v2\/comments?post=343"}],"version-history":[{"count":1,"href":"https:\/\/radiogjilani.com\/index.php\/wp-json\/wp\/v2\/posts\/343\/revisions"}],"predecessor-version":[{"id":345,"href":"https:\/\/radiogjilani.com\/index.php\/wp-json\/wp\/v2\/posts\/343\/revisions\/345"}],"wp:featuredmedia":[{"embeddable":true,"href":"https:\/\/radiogjilani.com\/index.php\/wp-json\/wp\/v2\/media\/344"}],"wp:attachment":[{"href":"https:\/\/radiogjilani.com\/index.php\/wp-json\/wp\/v2\/media?parent=343"}],"wp:term":[{"taxonomy":"category","embeddable":true,"href":"https:\/\/radiogjilani.com\/index.php\/wp-json\/wp\/v2\/categories?post=343"},{"taxonomy":"post_tag","embeddable":true,"href":"https:\/\/radiogjilani.com\/index.php\/wp-json\/wp\/v2\/tags?post=343"}],"curies":[{"name":"wp","href":"https:\/\/api.w.org\/{rel}","templated":true}]}}