{"id":346,"date":"2021-11-01T17:08:06","date_gmt":"2021-11-01T17:08:06","guid":{"rendered":"https:\/\/radiogjilani.com\/?p=346"},"modified":"2021-11-01T17:08:07","modified_gmt":"2021-11-01T17:08:07","slug":"i-dehur-shkakton-aksident-ne-leposaviq-godet-autobusin","status":"publish","type":"post","link":"https:\/\/radiogjilani.com\/index.php\/2021\/11\/01\/i-dehur-shkakton-aksident-ne-leposaviq-godet-autobusin\/","title":{"rendered":"I dehur shkakton aksident n\u00eb Leposaviq, godet autobusin"},"content":{"rendered":"\n<p>Nj\u00eb aksident trafiku me d\u00ebme materiale ka ndodhur n\u00eb Leposaviq, ku n\u00eb k\u00ebt\u00eb aksident kan\u00eb qen\u00eb t\u00eb p\u00ebrfshir\u00eb nj\u00eb autobus\u00eb dhe nj\u00eb vetur\u00eb tjet\u00ebr.<\/p>\n\n\n\n<p>E sipas policis\u00eb dyshohet se deri tek aksidenti ka ardhur si pasoj\u00eb qe personi q\u00eb ka qen\u00eb duke e ngasur makin\u00ebn, e i nj\u00ebjti ka qen\u00eb n\u00ebn ndi<\/p>\n","protected":false},"excerpt":{"rendered":"<p>Nj\u00eb aksident trafiku me d\u00ebme materiale ka ndodhur n\u00eb Leposaviq, ku n\u00eb k\u00ebt\u00eb aksident kan\u00eb qen\u00eb t\u00eb p\u00ebrfshir\u00eb nj\u00eb autobus\u00eb dhe nj\u00eb vetur\u00eb tjet\u00ebr. E sipas policis\u00eb dyshohet se deri tek aksidenti ka ardhur si pasoj\u00eb qe personi q\u00eb ka qen\u00eb duke e ngasur makin\u00ebn, e i nj\u00ebjti ka qen\u00eb n\u00ebn ndi<\/p>\n","protected":false},"author":1,"featured_media":347,"comment_status":"open","ping_status":"open","sticky":false,"template":"","format":"standard","meta":{"footnotes":""},"categories":[23],"tags":[],"class_list":["post-346","post","type-post","status-publish","format-standard","has-post-thumbnail","hentry","category-kronika"],"_links":{"self":[{"href":"https:\/\/radiogjilani.com\/index.php\/wp-json\/wp\/v2\/posts\/346","targetHints":{"allow":["GET"]}}],"collection":[{"href":"https:\/\/radiogjilani.com\/index.php\/wp-json\/wp\/v2\/posts"}],"about":[{"href":"https:\/\/radiogjilani.com\/index.php\/wp-json\/wp\/v2\/types\/post"}],"author":[{"embeddable":true,"href":"https:\/\/radiogjilani.com\/index.php\/wp-json\/wp\/v2\/users\/1"}],"replies":[{"embeddable":true,"href":"https:\/\/radiogjilani.com\/index.php\/wp-json\/wp\/v2\/comments?post=346"}],"version-history":[{"count":1,"href":"https:\/\/radiogjilani.com\/index.php\/wp-json\/wp\/v2\/posts\/346\/revisions"}],"predecessor-version":[{"id":348,"href":"https:\/\/radiogjilani.com\/index.php\/wp-json\/wp\/v2\/posts\/346\/revisions\/348"}],"wp:featuredmedia":[{"embeddable":true,"href":"https:\/\/radiogjilani.com\/index.php\/wp-json\/wp\/v2\/media\/347"}],"wp:attachment":[{"href":"https:\/\/radiogjilani.com\/index.php\/wp-json\/wp\/v2\/media?parent=346"}],"wp:term":[{"taxonomy":"category","embeddable":true,"href":"https:\/\/radiogjilani.com\/index.php\/wp-json\/wp\/v2\/categories?post=346"},{"taxonomy":"post_tag","embeddable":true,"href":"https:\/\/radiogjilani.com\/index.php\/wp-json\/wp\/v2\/tags?post=346"}],"curies":[{"name":"wp","href":"https:\/\/api.w.org\/{rel}","templated":true}]}}