{"id":3462,"date":"2024-05-28T05:43:35","date_gmt":"2024-05-28T05:43:35","guid":{"rendered":"https:\/\/radiogjilani.com\/index.php\/2024\/05\/28\/qetesia-e-rrejshme-ne-veri-te-kosoves\/"},"modified":"2024-05-28T05:43:35","modified_gmt":"2024-05-28T05:43:35","slug":"qetesia-e-rrejshme-ne-veri-te-kosoves","status":"publish","type":"post","link":"https:\/\/radiogjilani.com\/index.php\/2024\/05\/28\/qetesia-e-rrejshme-ne-veri-te-kosoves\/","title":{"rendered":"Qet\u00ebsia e rrejshme n\u00eb veri t\u00eb Kosov\u00ebs"},"content":{"rendered":"<p>Mos u mashtroni nga qet\u00ebsia n\u00eb veri. Serb\u00ebt n\u00eb veri po e aktrojn\u00eb rolin e viktim\u00ebs, p\u00ebr ta rritur presionin nd\u00ebrkomb\u00ebtar p\u00ebr formimin e Asociacionit. \u00c7do vler\u00ebsim tjet\u00ebr \u00ebsht\u00eb i gabuesh\u00ebm. N\u00eb veri jan\u00eb t\u00eb pad\u00ebmtuara \u201cLista Serbe\u201ddhe sajesat e saj paramilitare, Kisha Serbe, influenca e BIA-s, propaganda e Vu\u00e7iqit dhe inkurajimi nga Rusia. Thjesht, veproni p\u00ebr stabilizim e normalizim&#8230;<\/p>\n<p><a href=\"https:\/\/ekonomiaonline.com\/qetesia-e-rrejshme-ne-veri-te-kosoves\/\" rel=\"nofollow\">Source<\/a><\/p>\n","protected":false},"excerpt":{"rendered":"<p>Mos u mashtroni nga qet\u00ebsia n\u00eb veri. Serb\u00ebt n\u00eb veri po e aktrojn\u00eb rolin e viktim\u00ebs, p\u00ebr ta rritur presionin nd\u00ebrkomb\u00ebtar p\u00ebr formimin e Asociacionit. \u00c7do vler\u00ebsim tjet\u00ebr \u00ebsht\u00eb i gabuesh\u00ebm. N\u00eb veri jan\u00eb t\u00eb pad\u00ebmtuara \u201cLista Serbe\u201ddhe sajesat e saj paramilitare, Kisha Serbe, influenca e BIA-s, propaganda e Vu\u00e7iqit dhe inkurajimi nga Rusia. Thjesht, [&hellip;]<\/p>\n","protected":false},"author":1,"featured_media":3463,"comment_status":"open","ping_status":"open","sticky":false,"template":"","format":"standard","meta":{"footnotes":""},"categories":[19],"tags":[],"class_list":["post-3462","post","type-post","status-publish","format-standard","has-post-thumbnail","hentry","category-eko"],"_links":{"self":[{"href":"https:\/\/radiogjilani.com\/index.php\/wp-json\/wp\/v2\/posts\/3462","targetHints":{"allow":["GET"]}}],"collection":[{"href":"https:\/\/radiogjilani.com\/index.php\/wp-json\/wp\/v2\/posts"}],"about":[{"href":"https:\/\/radiogjilani.com\/index.php\/wp-json\/wp\/v2\/types\/post"}],"author":[{"embeddable":true,"href":"https:\/\/radiogjilani.com\/index.php\/wp-json\/wp\/v2\/users\/1"}],"replies":[{"embeddable":true,"href":"https:\/\/radiogjilani.com\/index.php\/wp-json\/wp\/v2\/comments?post=3462"}],"version-history":[{"count":0,"href":"https:\/\/radiogjilani.com\/index.php\/wp-json\/wp\/v2\/posts\/3462\/revisions"}],"wp:featuredmedia":[{"embeddable":true,"href":"https:\/\/radiogjilani.com\/index.php\/wp-json\/wp\/v2\/media\/3463"}],"wp:attachment":[{"href":"https:\/\/radiogjilani.com\/index.php\/wp-json\/wp\/v2\/media?parent=3462"}],"wp:term":[{"taxonomy":"category","embeddable":true,"href":"https:\/\/radiogjilani.com\/index.php\/wp-json\/wp\/v2\/categories?post=3462"},{"taxonomy":"post_tag","embeddable":true,"href":"https:\/\/radiogjilani.com\/index.php\/wp-json\/wp\/v2\/tags?post=3462"}],"curies":[{"name":"wp","href":"https:\/\/api.w.org\/{rel}","templated":true}]}}