{"id":3464,"date":"2024-05-28T05:44:21","date_gmt":"2024-05-28T05:44:21","guid":{"rendered":"https:\/\/radiogjilani.com\/index.php\/2024\/05\/28\/zgjedhjet-e-jashtezakonshme-mblidhet-keshilli-i-pergjithshem-i-ldk-se\/"},"modified":"2024-05-28T05:44:21","modified_gmt":"2024-05-28T05:44:21","slug":"zgjedhjet-e-jashtezakonshme-mblidhet-keshilli-i-pergjithshem-i-ldk-se","status":"publish","type":"post","link":"https:\/\/radiogjilani.com\/index.php\/2024\/05\/28\/zgjedhjet-e-jashtezakonshme-mblidhet-keshilli-i-pergjithshem-i-ldk-se\/","title":{"rendered":"\u201cZgjedhjet e jasht\u00ebzakonshme\u201d \u2013 mblidhet K\u00ebshilli i P\u00ebrgjithsh\u00ebm i LDK-s\u00eb"},"content":{"rendered":"<p>K\u00ebt\u00eb t\u00eb mart\u00eb n\u00eb or\u00ebn 18:00 do t\u00eb mbahet mbledhja e K\u00ebshillit t\u00eb P\u00ebrgjithsh\u00ebm t\u00eb Lidhjes Demokratike t\u00eb Kosov\u00ebs.<\/p>\n<p>N\u00eb k\u00ebt\u00eb mbledhje pritet t\u00eb mbaj\u00eb fjalim kryetari i k\u00ebsaj partie, Lumir Abdixhiku, por nga kjo parti nuk jan\u00eb dh\u00ebn\u00eb detaje n\u00ebse n\u00eb takim do t\u00eb diskutohet rreth mbajtjes s\u00eb zgjedhjeve t\u00eb jasht\u00ebzakonshme parlamentare.<\/p>\n<p>\u201cMediet do t\u00eb mund t\u00eb q\u00ebndrojn\u00eb n\u00eb sall\u00eb p\u00ebr fjalimin e kryetarit t\u00eb LDK-s\u00eb, dr. Lumir Abdixhiku, nd\u00ebrsa m\u00eb pas do ta lirojn\u00eb sall\u00ebn q\u00eb K\u00ebshilli t\u2019i vazhdoj\u00eb punimet\u201d, thuhet n\u00eb njoftim p\u00ebr media t\u00eb LDK-s\u00eb.<\/p>\n<p>Kjo \u00ebsht\u00eb mbledhja e par\u00eb e K\u00ebshillit t\u00eb ri t\u00eb P\u00ebrgjithsh\u00ebm t\u00eb LDK-s\u00eb, n\u00eb mandatin e dyt\u00eb t\u00eb Abdixhikut n\u00eb krye t\u00eb partis\u00eb.<\/p>\n<div class=\"ads square\">\n<p>    <a href=\"https:\/\/track.adform.net\/C\/?bn=73199340;C=0\" target=\"_blank\" rel=\"noopener\"><br \/>\n    <img loading=\"lazy\" decoding=\"async\" src=\"https:\/\/track.adform.net\/adfserve\/?bn=73199340;srctype=4;ord=%5Btimestamp%5D\" border=\"0\" width=\"300\" height=\"250\" alt=\"reklama iqos\"><br \/>\n    <\/a><\/p><\/div>\n<p>Ndryshe, kreu i LDK-s\u00eb e pati refuzuar ftes\u00ebn e kryeministrit Albin Kurti p\u00ebr t\u2019u takuar para dy jav\u00ebve p\u00ebr si\u00e7 u tha nga Qeveria p\u00ebr t\u00eb diskutuar p\u00ebr \u201cagjend\u00ebn legjislative t\u00eb Kuvendit t\u00eb Kosov\u00ebs\u201d.<\/p>\n<p>Abdixhiku, p\u00ebrmes nj\u00eb letre d\u00ebrguar Kurtit, pati sqaruar arsyet e refuzimit t\u00eb ftes\u00ebs, ku nd\u00ebr t\u00eb tjera \u00ebsht\u00eb potencuar se Kurti \u201cka shuar frym\u00ebn e bashk\u00ebpunimit\u201d.<\/p>\n<p>\u201cN\u00eb p\u00ebrgjigje t\u00eb letr\u00ebs tuaj, e konsideroj t\u00eb vonuar tani q\u00eb, pas tre vitesh e gjysm\u00eb n\u00eb pushtet, t\u00eb tentoni t\u00eb gjeni nj\u00eb klim\u00eb bashk\u00ebpunimi kur keni shuar rr\u00ebnj\u00ebsisht frym\u00ebn e bashk\u00ebpunimit e kur keni mbjell\u00eb polarizim ofendues t\u00eb skajsh\u00ebm ndaj t\u00eb gjitha partive politike tjera n\u00eb Kosov\u00eb dhe p\u00ebrfaq\u00ebsuesve t\u00eb tyre\u201d, thuhej n\u00eb letr\u00ebn e Abdixhikut drejtuar Kurtit.<\/p>\n<p>Sa i p\u00ebrket \u00e7\u00ebshtjes s\u00eb diskutimit \u2013 agjend\u00ebs legjislative t\u00eb Kuvendit t\u00eb Kosov\u00ebs \u2013 Abdixhiku kishte konsideruar se e nj\u00ebjta diskutohet n\u00eb Kryesin\u00eb e Kuvendit.<\/p>\n<p>\u201cNd\u00ebrsa, p\u00ebr votimet e marr\u00ebveshjeve nd\u00ebrkomb\u00ebtare, Lidhja Demokratike e Kosov\u00ebs i konsideron ato mbi politikat ditore prandaj do vazhdoj\u00eb t\u2019i votoj\u00eb si\u00e7 dhe ka vepruar deri m\u00eb tani\u201d.<\/p>\n<p>Nd\u00ebrkaq n\u00eb kushtet normale, zgjedhjet parlamentare do t\u00eb duhet t\u00eb mbaheshin n\u00eb shkurt t\u00eb vitit 2025, mir\u00ebpo ka gatishm\u00ebri si nga pozita, ashtu edhe nga opozita q\u00eb t\u00eb nj\u00ebjtat t\u00eb organizohen m\u00eb her\u00ebt.<\/p>\n<p>Por, dallimet p\u00ebr m\u00ebnyr\u00ebn se si t\u00eb b\u00ebhet kjo e kan\u00eb krijuar nj\u00eb situat\u00eb q\u00eb ende nuk ka di\u00e7ka konkrete n\u00eb k\u00ebt\u00eb drejtim.<\/p>\n<p>Pushteti dhe PDK-ja jan\u00eb pajtuar q\u00eb t\u00eb shkohet n\u00eb zgjedhje t\u00eb reja p\u00ebrmes shp\u00ebrndarjes s\u00eb kuvendit, nd\u00ebrsa LDK dhe AAK k\u00ebrkojn\u00eb q\u00eb nj\u00eb gj\u00eb e till\u00eb t\u00eb b\u00ebhet p\u00ebrmes dor\u00ebheqjes s\u00eb Kurtit, ose mocionit t\u00eb mosbesimit.<\/p>\n<p>The post <a rel=\"nofollow\" href=\"https:\/\/albanianpost.com\/zgjedhjet-e-jashtezakonshme-mblidhet-keshilli-i-pergjithshem-i-ldk-se\/\">\u201cZgjedhjet e jasht\u00ebzakonshme\u201d \u2013 mblidhet K\u00ebshilli i P\u00ebrgjithsh\u00ebm i LDK-s\u00eb<\/a> appeared first on <a rel=\"nofollow\" href=\"https:\/\/albanianpost.com\/\">Albanian Post<\/a>.<\/p>\n","protected":false},"excerpt":{"rendered":"<p>K\u00ebt\u00eb t\u00eb mart\u00eb n\u00eb or\u00ebn 18:00 do t\u00eb mbahet mbledhja e K\u00ebshillit t\u00eb P\u00ebrgjithsh\u00ebm t\u00eb Lidhjes Demokratike t\u00eb Kosov\u00ebs. N\u00eb k\u00ebt\u00eb mbledhje pritet t\u00eb mbaj\u00eb fjalim kryetari i k\u00ebsaj partie, Lumir Abdixhiku, por nga kjo parti nuk jan\u00eb dh\u00ebn\u00eb detaje n\u00ebse n\u00eb takim do t\u00eb diskutohet rreth mbajtjes s\u00eb zgjedhjeve t\u00eb jasht\u00ebzakonshme parlamentare. \u201cMediet do [&hellip;]<\/p>\n","protected":false},"author":1,"featured_media":3465,"comment_status":"open","ping_status":"open","sticky":false,"template":"","format":"standard","meta":{"footnotes":""},"categories":[1],"tags":[],"class_list":["post-3464","post","type-post","status-publish","format-standard","has-post-thumbnail","hentry","category-uncategorized"],"_links":{"self":[{"href":"https:\/\/radiogjilani.com\/index.php\/wp-json\/wp\/v2\/posts\/3464","targetHints":{"allow":["GET"]}}],"collection":[{"href":"https:\/\/radiogjilani.com\/index.php\/wp-json\/wp\/v2\/posts"}],"about":[{"href":"https:\/\/radiogjilani.com\/index.php\/wp-json\/wp\/v2\/types\/post"}],"author":[{"embeddable":true,"href":"https:\/\/radiogjilani.com\/index.php\/wp-json\/wp\/v2\/users\/1"}],"replies":[{"embeddable":true,"href":"https:\/\/radiogjilani.com\/index.php\/wp-json\/wp\/v2\/comments?post=3464"}],"version-history":[{"count":0,"href":"https:\/\/radiogjilani.com\/index.php\/wp-json\/wp\/v2\/posts\/3464\/revisions"}],"wp:featuredmedia":[{"embeddable":true,"href":"https:\/\/radiogjilani.com\/index.php\/wp-json\/wp\/v2\/media\/3465"}],"wp:attachment":[{"href":"https:\/\/radiogjilani.com\/index.php\/wp-json\/wp\/v2\/media?parent=3464"}],"wp:term":[{"taxonomy":"category","embeddable":true,"href":"https:\/\/radiogjilani.com\/index.php\/wp-json\/wp\/v2\/categories?post=3464"},{"taxonomy":"post_tag","embeddable":true,"href":"https:\/\/radiogjilani.com\/index.php\/wp-json\/wp\/v2\/tags?post=3464"}],"curies":[{"name":"wp","href":"https:\/\/api.w.org\/{rel}","templated":true}]}}