{"id":3488,"date":"2024-05-28T05:45:14","date_gmt":"2024-05-28T05:45:14","guid":{"rendered":"https:\/\/radiogjilani.com\/index.php\/2024\/05\/28\/kush-eshte-kengetari-qe-vdiq-ne-shkup-ai-u-fejua-nje-muaj-me-pare-mbreme-u-vra-me-arme-zjarri\/"},"modified":"2024-05-28T05:45:14","modified_gmt":"2024-05-28T05:45:14","slug":"kush-eshte-kengetari-qe-vdiq-ne-shkup-ai-u-fejua-nje-muaj-me-pare-mbreme-u-vra-me-arme-zjarri","status":"publish","type":"post","link":"https:\/\/radiogjilani.com\/index.php\/2024\/05\/28\/kush-eshte-kengetari-qe-vdiq-ne-shkup-ai-u-fejua-nje-muaj-me-pare-mbreme-u-vra-me-arme-zjarri\/","title":{"rendered":"Kush \u00ebsht\u00eb k\u00ebng\u00ebtari q\u00eb vdiq n\u00eb Shkup? Ai u fejua nj\u00eb muaj m\u00eb par\u00eb, mbr\u00ebm\u00eb u vra me arm\u00eb zjarri"},"content":{"rendered":"<p><strong>N\u00eb Dhomat e Specializuara t\u00eb Kosov\u00ebs n\u00eb Hag\u00eb sot do t\u00eb vazhdoj\u00eb procesi gjyq\u00ebsor ndaj ish-krer\u00ebve t\u00eb Ushtris\u00eb \u00c7lirimtare t\u00eb Kosov\u00ebs Hashim Tha\u00e7it, Kadri Veselit, Rexhep Selimit dhe Jakup Krasniqit.<\/strong><\/p>\n<p>N\u00eb seanc\u00ebn e sotme pritet t\u00eb d\u00ebshmoi d\u00ebshmitari i rradh\u00ebs.<\/p>\n<p>N\u00eb Dhomat e Specializuara t\u00eb Kosov\u00ebs n\u00eb Hag\u00eb dje ka d\u00ebshmuar d\u00ebshmitari i 67-t\u00eb i Zyr\u00ebs s\u00eb Prokurorit t\u00eb Specializuar (ZPS), i cili \u00ebsht\u00eb i mbrojtur.<\/p>\n<p>Ky d\u00ebshmitar ka d\u00ebshmuar p\u00ebrmes video-lidhjes.<\/p>\n<p>D\u00ebshmitari i 67-t\u00eb n\u00eb rastin e ish-krer\u00ebve t\u00eb U\u00c7K-s\u00eb, ka deklaruar se pas asaj se \u00e7far\u00eb i kishte ndodhur nga an\u00ebtar\u00ebt e U\u00c7K-s\u00eb m\u00eb 1998, n\u00ebse nuk do ta kishte p\u00ebrkrahjen e familjes do t\u00eb kishte p\u00ebrfunduar n\u00eb Psikiatri.<\/p>\n<ul class=\"op-related-articles\" title=\"Lajme\">\n<li><a href=\"https:\/\/gazetablic.com\/kosova-e-shqiperia-kryesojne-ne-ballkan-per-numrin-e-larte-te-azilkerkuesve\/\"><\/a><\/li>\n<li><a href=\"https:\/\/gazetablic.com\/gashi-kosova-barazohet-ne-ap-nato-si-shtetet-tjera\/\"><\/a><\/li>\n<li><a href=\"https:\/\/gazetablic.com\/vazhdon-procesi-gjyqesor-ndaj-ish-krereve-te-uck-se-7\/\"><\/a><\/li>\n<\/ul>\n<p>The post <a rel=\"nofollow\" href=\"https:\/\/gazetablic.com\/vazhdon-procesi-gjyqesor-ndaj-ish-krereve-te-uck-se-7\/\">Vazhdon procesi gjyq\u00ebsor ndaj ish-krer\u00ebve t\u00eb U\u00c7K-s\u00eb<\/a> appeared first on <a rel=\"nofollow\" href=\"https:\/\/gazetablic.com\/\">GazetaBlic<\/a>.<\/p>\n","protected":false},"excerpt":{"rendered":"<p>N\u00eb Dhomat e Specializuara t\u00eb Kosov\u00ebs n\u00eb Hag\u00eb sot do t\u00eb vazhdoj\u00eb procesi gjyq\u00ebsor ndaj ish-krer\u00ebve t\u00eb Ushtris\u00eb \u00c7lirimtare t\u00eb Kosov\u00ebs Hashim Tha\u00e7it, Kadri Veselit, Rexhep Selimit dhe Jakup Krasniqit. N\u00eb seanc\u00ebn e sotme pritet t\u00eb d\u00ebshmoi d\u00ebshmitari i rradh\u00ebs. N\u00eb Dhomat e Specializuara t\u00eb Kosov\u00ebs n\u00eb Hag\u00eb dje ka d\u00ebshmuar d\u00ebshmitari i 67-t\u00eb i [&hellip;]<\/p>\n","protected":false},"author":1,"featured_media":3489,"comment_status":"open","ping_status":"open","sticky":false,"template":"","format":"standard","meta":{"footnotes":""},"categories":[22],"tags":[],"class_list":["post-3488","post","type-post","status-publish","format-standard","has-post-thumbnail","hentry","category-showbiz"],"_links":{"self":[{"href":"https:\/\/radiogjilani.com\/index.php\/wp-json\/wp\/v2\/posts\/3488","targetHints":{"allow":["GET"]}}],"collection":[{"href":"https:\/\/radiogjilani.com\/index.php\/wp-json\/wp\/v2\/posts"}],"about":[{"href":"https:\/\/radiogjilani.com\/index.php\/wp-json\/wp\/v2\/types\/post"}],"author":[{"embeddable":true,"href":"https:\/\/radiogjilani.com\/index.php\/wp-json\/wp\/v2\/users\/1"}],"replies":[{"embeddable":true,"href":"https:\/\/radiogjilani.com\/index.php\/wp-json\/wp\/v2\/comments?post=3488"}],"version-history":[{"count":0,"href":"https:\/\/radiogjilani.com\/index.php\/wp-json\/wp\/v2\/posts\/3488\/revisions"}],"wp:featuredmedia":[{"embeddable":true,"href":"https:\/\/radiogjilani.com\/index.php\/wp-json\/wp\/v2\/media\/3489"}],"wp:attachment":[{"href":"https:\/\/radiogjilani.com\/index.php\/wp-json\/wp\/v2\/media?parent=3488"}],"wp:term":[{"taxonomy":"category","embeddable":true,"href":"https:\/\/radiogjilani.com\/index.php\/wp-json\/wp\/v2\/categories?post=3488"},{"taxonomy":"post_tag","embeddable":true,"href":"https:\/\/radiogjilani.com\/index.php\/wp-json\/wp\/v2\/tags?post=3488"}],"curies":[{"name":"wp","href":"https:\/\/api.w.org\/{rel}","templated":true}]}}