{"id":3576,"date":"2024-05-30T07:22:35","date_gmt":"2024-05-30T07:22:35","guid":{"rendered":"https:\/\/radiogjilani.com\/index.php\/2024\/05\/30\/pas-largimit-nga-barcelona-xavi-refuzon-kete-oferte\/"},"modified":"2024-05-30T07:22:35","modified_gmt":"2024-05-30T07:22:35","slug":"pas-largimit-nga-barcelona-xavi-refuzon-kete-oferte","status":"publish","type":"post","link":"https:\/\/radiogjilani.com\/index.php\/2024\/05\/30\/pas-largimit-nga-barcelona-xavi-refuzon-kete-oferte\/","title":{"rendered":"Pas largimit nga Barcelona Xavi refuzon k\u00ebt\u00eb ofert\u00eb"},"content":{"rendered":"<p>Pak dit\u00eb pati u largua nga skuadra e Barcelon\u00ebs, n\u00eb drejtim t\u00eb trajnerit Xavi Hernandez ka arritur nj\u00eb ofert\u00eb pun\u00eb. \u00cbsht\u00eb komb\u00ebtarja nga Koreja e Jugut q\u00eb \u00ebsht\u00eb e interesuar p\u00ebr spanjollin. Nuk \u00ebsht\u00eb hera e par\u00eb q\u00eb nj\u00eb komb\u00ebtare i troket n\u00eb der\u00eb, kur ishte ende trajner i Al Sadd-it, ai mori nj\u00eb propozim nga Brazili, pasi i ofruan pozicionin e ndihm\u00ebsit t\u00eb Tite deri n\u00eb Kup\u00ebn e Bot\u00ebs n\u00eb Katar n\u00eb&#8230;<\/p>\n<p><a href=\"https:\/\/ekonomiaonline.com\/pas-largimit-nga-barcelona-xavi-refuzon-kete-oferte\/\" rel=\"nofollow\">Source<\/a><\/p>\n","protected":false},"excerpt":{"rendered":"<p>Pak dit\u00eb pati u largua nga skuadra e Barcelon\u00ebs, n\u00eb drejtim t\u00eb trajnerit Xavi Hernandez ka arritur nj\u00eb ofert\u00eb pun\u00eb. \u00cbsht\u00eb komb\u00ebtarja nga Koreja e Jugut q\u00eb \u00ebsht\u00eb e interesuar p\u00ebr spanjollin. Nuk \u00ebsht\u00eb hera e par\u00eb q\u00eb nj\u00eb komb\u00ebtare i troket n\u00eb der\u00eb, kur ishte ende trajner i Al Sadd-it, ai mori nj\u00eb propozim [&hellip;]<\/p>\n","protected":false},"author":1,"featured_media":3577,"comment_status":"open","ping_status":"open","sticky":false,"template":"","format":"standard","meta":{"footnotes":""},"categories":[19],"tags":[],"class_list":["post-3576","post","type-post","status-publish","format-standard","has-post-thumbnail","hentry","category-eko"],"_links":{"self":[{"href":"https:\/\/radiogjilani.com\/index.php\/wp-json\/wp\/v2\/posts\/3576","targetHints":{"allow":["GET"]}}],"collection":[{"href":"https:\/\/radiogjilani.com\/index.php\/wp-json\/wp\/v2\/posts"}],"about":[{"href":"https:\/\/radiogjilani.com\/index.php\/wp-json\/wp\/v2\/types\/post"}],"author":[{"embeddable":true,"href":"https:\/\/radiogjilani.com\/index.php\/wp-json\/wp\/v2\/users\/1"}],"replies":[{"embeddable":true,"href":"https:\/\/radiogjilani.com\/index.php\/wp-json\/wp\/v2\/comments?post=3576"}],"version-history":[{"count":0,"href":"https:\/\/radiogjilani.com\/index.php\/wp-json\/wp\/v2\/posts\/3576\/revisions"}],"wp:featuredmedia":[{"embeddable":true,"href":"https:\/\/radiogjilani.com\/index.php\/wp-json\/wp\/v2\/media\/3577"}],"wp:attachment":[{"href":"https:\/\/radiogjilani.com\/index.php\/wp-json\/wp\/v2\/media?parent=3576"}],"wp:term":[{"taxonomy":"category","embeddable":true,"href":"https:\/\/radiogjilani.com\/index.php\/wp-json\/wp\/v2\/categories?post=3576"},{"taxonomy":"post_tag","embeddable":true,"href":"https:\/\/radiogjilani.com\/index.php\/wp-json\/wp\/v2\/tags?post=3576"}],"curies":[{"name":"wp","href":"https:\/\/api.w.org\/{rel}","templated":true}]}}