{"id":3578,"date":"2024-05-30T07:22:34","date_gmt":"2024-05-30T07:22:34","guid":{"rendered":"https:\/\/radiogjilani.com\/index.php\/2024\/05\/30\/borrell-flet-per-luftera-dhe-tensione-qe-mund-te-dalin-jashte-kontrollit-me-pas-permendi-ballkanin-2\/"},"modified":"2024-05-30T07:22:34","modified_gmt":"2024-05-30T07:22:34","slug":"borrell-flet-per-luftera-dhe-tensione-qe-mund-te-dalin-jashte-kontrollit-me-pas-permendi-ballkanin-2","status":"publish","type":"post","link":"https:\/\/radiogjilani.com\/index.php\/2024\/05\/30\/borrell-flet-per-luftera-dhe-tensione-qe-mund-te-dalin-jashte-kontrollit-me-pas-permendi-ballkanin-2\/","title":{"rendered":"Borrell flet p\u00ebr luft\u00ebra dhe tensione q\u00eb mund t\u00eb dalin jasht\u00eb kontrollit, m\u00eb pas p\u00ebrmendi Ballkanin"},"content":{"rendered":"<p>P\u00ebrfaq\u00ebsuesi i lart\u00eb i BE-s\u00eb p\u00ebr \u00e7\u00ebshtjet e jashtme dhe politik\u00ebn e siguris\u00eb, Josep Borrell, tha se Evropa po p\u00ebrballet me dy \u201cluft\u00ebra brutale\u201d pran\u00eb kufijve t\u00eb saj dhe shum\u00eb tensione q\u00eb mund t\u00eb dalin leht\u00ebsisht jasht\u00eb kontrollit. Borrell, duke folur t\u00eb m\u00ebrkur\u00ebn n\u00eb fund t\u00eb Forumit t\u00eb Siguris\u00eb dhe Mbrojtjes s\u00eb Schuman n\u00eb Bruksel, paralajm\u00ebroi se disa nga k\u00ebto kriza mund t\u00eb p\u00ebrshkall\u00ebzohen n\u00eb nj\u00eb&#8230;<\/p>\n<p><a href=\"https:\/\/ekonomiaonline.com\/borrell-flet-per-luftera-dhe-tensione-qe-mund-te-dalin-jashte-kontrollit-me-pas-permendi-ballkanin\/\" rel=\"nofollow\">Source<\/a><\/p>\n","protected":false},"excerpt":{"rendered":"<p>P\u00ebrfaq\u00ebsuesi i lart\u00eb i BE-s\u00eb p\u00ebr \u00e7\u00ebshtjet e jashtme dhe politik\u00ebn e siguris\u00eb, Josep Borrell, tha se Evropa po p\u00ebrballet me dy \u201cluft\u00ebra brutale\u201d pran\u00eb kufijve t\u00eb saj dhe shum\u00eb tensione q\u00eb mund t\u00eb dalin leht\u00ebsisht jasht\u00eb kontrollit. Borrell, duke folur t\u00eb m\u00ebrkur\u00ebn n\u00eb fund t\u00eb Forumit t\u00eb Siguris\u00eb dhe Mbrojtjes s\u00eb Schuman n\u00eb Bruksel, [&hellip;]<\/p>\n","protected":false},"author":1,"featured_media":3579,"comment_status":"open","ping_status":"open","sticky":false,"template":"","format":"standard","meta":{"footnotes":""},"categories":[19],"tags":[],"class_list":["post-3578","post","type-post","status-publish","format-standard","has-post-thumbnail","hentry","category-eko"],"_links":{"self":[{"href":"https:\/\/radiogjilani.com\/index.php\/wp-json\/wp\/v2\/posts\/3578","targetHints":{"allow":["GET"]}}],"collection":[{"href":"https:\/\/radiogjilani.com\/index.php\/wp-json\/wp\/v2\/posts"}],"about":[{"href":"https:\/\/radiogjilani.com\/index.php\/wp-json\/wp\/v2\/types\/post"}],"author":[{"embeddable":true,"href":"https:\/\/radiogjilani.com\/index.php\/wp-json\/wp\/v2\/users\/1"}],"replies":[{"embeddable":true,"href":"https:\/\/radiogjilani.com\/index.php\/wp-json\/wp\/v2\/comments?post=3578"}],"version-history":[{"count":0,"href":"https:\/\/radiogjilani.com\/index.php\/wp-json\/wp\/v2\/posts\/3578\/revisions"}],"wp:featuredmedia":[{"embeddable":true,"href":"https:\/\/radiogjilani.com\/index.php\/wp-json\/wp\/v2\/media\/3579"}],"wp:attachment":[{"href":"https:\/\/radiogjilani.com\/index.php\/wp-json\/wp\/v2\/media?parent=3578"}],"wp:term":[{"taxonomy":"category","embeddable":true,"href":"https:\/\/radiogjilani.com\/index.php\/wp-json\/wp\/v2\/categories?post=3578"},{"taxonomy":"post_tag","embeddable":true,"href":"https:\/\/radiogjilani.com\/index.php\/wp-json\/wp\/v2\/tags?post=3578"}],"curies":[{"name":"wp","href":"https:\/\/api.w.org\/{rel}","templated":true}]}}