{"id":3584,"date":"2024-05-30T07:22:31","date_gmt":"2024-05-30T07:22:31","guid":{"rendered":"https:\/\/radiogjilani.com\/index.php\/2024\/05\/30\/dhune-ne-nje-familje-ne-shtime-43-vjecari-e-rrah-bashkeshorten-me-grushte-kapet-nga-policia\/"},"modified":"2024-05-30T07:22:31","modified_gmt":"2024-05-30T07:22:31","slug":"dhune-ne-nje-familje-ne-shtime-43-vjecari-e-rrah-bashkeshorten-me-grushte-kapet-nga-policia","status":"publish","type":"post","link":"https:\/\/radiogjilani.com\/index.php\/2024\/05\/30\/dhune-ne-nje-familje-ne-shtime-43-vjecari-e-rrah-bashkeshorten-me-grushte-kapet-nga-policia\/","title":{"rendered":"Dhun\u00eb n\u00eb nj\u00eb familje n\u00eb Shtime, 43-vje\u00e7ari e rrah bashk\u00ebshorten me grushte, kapet nga Policia"},"content":{"rendered":"<p>Numri i rasteve t\u00eb dhun\u00ebs n\u00eb familje n\u00eb vendin ton\u00eb ka marr\u00eb p\u00ebrmasa shqet\u00ebsuese. \u00c7do dit\u00eb raportohen raste ku viktima zakonisht jan\u00eb grat\u00eb dhe vajzat q\u00eb p\u00ebrjetojn\u00eb dhune psikike e fizike nga bashk\u00ebshort\u00ebt e tyre dhe an\u00ebtar\u00ebt tjer\u00eb t\u00eb familjes, raporton Gazeta Sinjali. Nj\u00eb rast i till\u00eb ka ndodhur dje n\u00eb nj\u00eb familje n\u00eb Shtime, ku nj\u00eb 43-vje\u00e7ar po dyshohet se ka ushtruar dhun\u00eb ndaj bashk\u00ebshortes s\u00eb&#8230;<\/p>\n<p><a href=\"https:\/\/ekonomiaonline.com\/dhune-ne-nje-familje-ne-shtime-43-vjecari-e-rrah-bashkeshorten-me-grushte-kapet-nga-policia\/\" rel=\"nofollow\">Source<\/a><\/p>\n","protected":false},"excerpt":{"rendered":"<p>Numri i rasteve t\u00eb dhun\u00ebs n\u00eb familje n\u00eb vendin ton\u00eb ka marr\u00eb p\u00ebrmasa shqet\u00ebsuese. \u00c7do dit\u00eb raportohen raste ku viktima zakonisht jan\u00eb grat\u00eb dhe vajzat q\u00eb p\u00ebrjetojn\u00eb dhune psikike e fizike nga bashk\u00ebshort\u00ebt e tyre dhe an\u00ebtar\u00ebt tjer\u00eb t\u00eb familjes, raporton Gazeta Sinjali. Nj\u00eb rast i till\u00eb ka ndodhur dje n\u00eb nj\u00eb familje n\u00eb Shtime, [&hellip;]<\/p>\n","protected":false},"author":1,"featured_media":3585,"comment_status":"open","ping_status":"open","sticky":false,"template":"","format":"standard","meta":{"footnotes":""},"categories":[19],"tags":[],"class_list":["post-3584","post","type-post","status-publish","format-standard","has-post-thumbnail","hentry","category-eko"],"_links":{"self":[{"href":"https:\/\/radiogjilani.com\/index.php\/wp-json\/wp\/v2\/posts\/3584","targetHints":{"allow":["GET"]}}],"collection":[{"href":"https:\/\/radiogjilani.com\/index.php\/wp-json\/wp\/v2\/posts"}],"about":[{"href":"https:\/\/radiogjilani.com\/index.php\/wp-json\/wp\/v2\/types\/post"}],"author":[{"embeddable":true,"href":"https:\/\/radiogjilani.com\/index.php\/wp-json\/wp\/v2\/users\/1"}],"replies":[{"embeddable":true,"href":"https:\/\/radiogjilani.com\/index.php\/wp-json\/wp\/v2\/comments?post=3584"}],"version-history":[{"count":0,"href":"https:\/\/radiogjilani.com\/index.php\/wp-json\/wp\/v2\/posts\/3584\/revisions"}],"wp:featuredmedia":[{"embeddable":true,"href":"https:\/\/radiogjilani.com\/index.php\/wp-json\/wp\/v2\/media\/3585"}],"wp:attachment":[{"href":"https:\/\/radiogjilani.com\/index.php\/wp-json\/wp\/v2\/media?parent=3584"}],"wp:term":[{"taxonomy":"category","embeddable":true,"href":"https:\/\/radiogjilani.com\/index.php\/wp-json\/wp\/v2\/categories?post=3584"},{"taxonomy":"post_tag","embeddable":true,"href":"https:\/\/radiogjilani.com\/index.php\/wp-json\/wp\/v2\/tags?post=3584"}],"curies":[{"name":"wp","href":"https:\/\/api.w.org\/{rel}","templated":true}]}}