{"id":3586,"date":"2024-05-30T07:22:30","date_gmt":"2024-05-30T07:22:30","guid":{"rendered":"https:\/\/radiogjilani.com\/index.php\/2024\/05\/30\/zedhenesi-i-dhsk-se-ish-kreret-e-uck-se-smund-te-gjykohen-ne-liri-shkak-pengimi-i-drejtesise-e-arratisja\/"},"modified":"2024-05-30T07:22:30","modified_gmt":"2024-05-30T07:22:30","slug":"zedhenesi-i-dhsk-se-ish-kreret-e-uck-se-smund-te-gjykohen-ne-liri-shkak-pengimi-i-drejtesise-e-arratisja","status":"publish","type":"post","link":"https:\/\/radiogjilani.com\/index.php\/2024\/05\/30\/zedhenesi-i-dhsk-se-ish-kreret-e-uck-se-smund-te-gjykohen-ne-liri-shkak-pengimi-i-drejtesise-e-arratisja\/","title":{"rendered":"Z\u00ebdh\u00ebn\u00ebsi i DhSK-s\u00eb: Ish-krer\u00ebt e U\u00c7K-s\u00eb s\u2019mund t\u00eb gjykohen n\u00eb liri, shkak pengimi i drejt\u00ebsis\u00eb e arratisja"},"content":{"rendered":"<p>Z\u00ebdh\u00ebn\u00ebsi i Dhomave t\u00eb Specializuara t\u00eb Kosov\u00ebs n\u00eb Hag\u00eb, Michael Doyle, ka th\u00ebn\u00eb p\u00ebr Ekonomia Online se ish-krer\u00ebt e U\u00c7K-s\u00eb q\u00eb po gjykohen n\u00eb Hag\u00eb, nuk mund t\u00eb gjykohen n\u00eb liri p\u00ebr shkak t\u00eb rrezikut t\u00eb arratisjes e pengimit t\u00eb d\u00ebshmitar\u00ebve. Duke folur specifikisht p\u00ebr k\u00ebrkes\u00ebn e ish-kryetarit t\u00eb PDK-s\u00eb, Kadri Veseli, p\u00ebr gjykim n\u00eb liri, Doyle ka th\u00ebn\u00eb se ekziston rreziku q\u00eb i akuzuari mund t\u00eb&#8230;<\/p>\n<p><a href=\"https:\/\/ekonomiaonline.com\/zedhenesi-i-dhsk-se-ish-kreret-e-uck-se-smund-te-gjykohen-ne-liri-shkak-pengimi-i-drejtesise-e-arratisja\/\" rel=\"nofollow\">Source<\/a><\/p>\n","protected":false},"excerpt":{"rendered":"<p>Z\u00ebdh\u00ebn\u00ebsi i Dhomave t\u00eb Specializuara t\u00eb Kosov\u00ebs n\u00eb Hag\u00eb, Michael Doyle, ka th\u00ebn\u00eb p\u00ebr Ekonomia Online se ish-krer\u00ebt e U\u00c7K-s\u00eb q\u00eb po gjykohen n\u00eb Hag\u00eb, nuk mund t\u00eb gjykohen n\u00eb liri p\u00ebr shkak t\u00eb rrezikut t\u00eb arratisjes e pengimit t\u00eb d\u00ebshmitar\u00ebve. Duke folur specifikisht p\u00ebr k\u00ebrkes\u00ebn e ish-kryetarit t\u00eb PDK-s\u00eb, Kadri Veseli, p\u00ebr gjykim n\u00eb [&hellip;]<\/p>\n","protected":false},"author":1,"featured_media":3587,"comment_status":"open","ping_status":"open","sticky":false,"template":"","format":"standard","meta":{"footnotes":""},"categories":[19],"tags":[],"class_list":["post-3586","post","type-post","status-publish","format-standard","has-post-thumbnail","hentry","category-eko"],"_links":{"self":[{"href":"https:\/\/radiogjilani.com\/index.php\/wp-json\/wp\/v2\/posts\/3586","targetHints":{"allow":["GET"]}}],"collection":[{"href":"https:\/\/radiogjilani.com\/index.php\/wp-json\/wp\/v2\/posts"}],"about":[{"href":"https:\/\/radiogjilani.com\/index.php\/wp-json\/wp\/v2\/types\/post"}],"author":[{"embeddable":true,"href":"https:\/\/radiogjilani.com\/index.php\/wp-json\/wp\/v2\/users\/1"}],"replies":[{"embeddable":true,"href":"https:\/\/radiogjilani.com\/index.php\/wp-json\/wp\/v2\/comments?post=3586"}],"version-history":[{"count":0,"href":"https:\/\/radiogjilani.com\/index.php\/wp-json\/wp\/v2\/posts\/3586\/revisions"}],"wp:featuredmedia":[{"embeddable":true,"href":"https:\/\/radiogjilani.com\/index.php\/wp-json\/wp\/v2\/media\/3587"}],"wp:attachment":[{"href":"https:\/\/radiogjilani.com\/index.php\/wp-json\/wp\/v2\/media?parent=3586"}],"wp:term":[{"taxonomy":"category","embeddable":true,"href":"https:\/\/radiogjilani.com\/index.php\/wp-json\/wp\/v2\/categories?post=3586"},{"taxonomy":"post_tag","embeddable":true,"href":"https:\/\/radiogjilani.com\/index.php\/wp-json\/wp\/v2\/tags?post=3586"}],"curies":[{"name":"wp","href":"https:\/\/api.w.org\/{rel}","templated":true}]}}