{"id":3606,"date":"2024-05-30T07:23:18","date_gmt":"2024-05-30T07:23:18","guid":{"rendered":"https:\/\/radiogjilani.com\/index.php\/2024\/05\/30\/amsterdam-nje-i-vdekur-pas-renies-ne-motorin-e-avionit\/"},"modified":"2024-05-30T07:23:18","modified_gmt":"2024-05-30T07:23:18","slug":"amsterdam-nje-i-vdekur-pas-renies-ne-motorin-e-avionit","status":"publish","type":"post","link":"https:\/\/radiogjilani.com\/index.php\/2024\/05\/30\/amsterdam-nje-i-vdekur-pas-renies-ne-motorin-e-avionit\/","title":{"rendered":"Amsterdam, nj\u00eb i vdekur pas r\u00ebnies n\u00eb motorin e avionit"},"content":{"rendered":"<p>Nj\u00eb person ka vdekur pasi ka r\u00ebn\u00eb n\u00eb tehet e turbin\u00ebs s\u00eb nj\u00eb avioni pasagjer\u00ebsh q\u00eb po nisej n\u00eb aeroportin Schiphol t\u00eb Amsterdamit.<\/p>\n<p>Vdekja ndodhi kur fluturimi KLM KL1341 ishte n\u00eb platform\u00ebn e aeroportit duke u p\u00ebrgatitur p\u00ebr t\u2019u nisur p\u00ebr n\u00eb Billund n\u00eb Danimark\u00eb.<\/p>\n<p>\u201cNj\u00eb \u2026 incident ndodhi n\u00eb Schiphol sot, gjat\u00eb t\u00eb cilit nj\u00eb person p\u00ebrfundoi n\u00eb nj\u00eb motor avioni q\u00eb funksiononte\u201d, tha n\u00eb nj\u00eb deklarat\u00eb t\u00eb m\u00ebrkur\u00ebn transportuesi KLM Royal Dutch Airlines.<\/p>\n<p>\u201cFatkeq\u00ebsisht personi ka vdekur\u201d, tha KLM, pa b\u00ebr\u00eb t\u00eb ditur identitetin e viktim\u00ebs.<\/p>\n<div class=\"ads square\">\n<p><a href=\"https:\/\/track.adform.net\/C\/?bn=73199340;C=0\" target=\"_blank\" rel=\"noopener\"><\/p>\n<p><img loading=\"lazy\" decoding=\"async\" src=\"https:\/\/track.adform.net\/adfserve\/?bn=73199340;srctype=4;ord=%5Btimestamp%5D\" border=\"0\" width=\"300\" height=\"250\" alt=\"\"><\/p>\n<p><\/a><\/p><\/div>\n<p>\u201cRrethanat jan\u00eb aktualisht n\u00ebn hetim\u201d, shtohet n\u00eb deklarat\u00eb.<\/p>\n<p>Policia kufitare holandeze, e cila \u00ebsht\u00eb p\u00ebrgjegj\u00ebse p\u00ebr sigurin\u00eb n\u00eb aeroportin m\u00eb t\u00eb madh t\u00eb Holand\u00ebs, tha se pasagjer\u00ebt zbrit\u00ebn nga avioni dhe u hap nj\u00eb hetim.<\/p>\n<p>Nj\u00eb foto e postuar nga transmetuesi publik NOS tregonte avionin t\u00eb rrethuar nga kamion\u00eb zjarrfik\u00ebs dhe ambulanca pran\u00eb terminaleve t\u00eb nisjes.<\/p>\n<p>\u201cLajm i tmerrsh\u00ebm p\u00ebr nj\u00eb aksident fatal sot n\u00eb Schiphol\u201d, tha ministri i infrastruktur\u00ebs Mark Harbers n\u00eb X.<\/p>\n<p>The post <a rel=\"nofollow\" href=\"https:\/\/albanianpost.com\/amsterdam-nje-i-vdekur-pas-renies-ne-motorin-e-avionit\/\">Amsterdam, nj\u00eb i vdekur pas r\u00ebnies n\u00eb motorin e avionit<\/a> appeared first on <a rel=\"nofollow\" href=\"https:\/\/albanianpost.com\/\">Albanian Post<\/a>.<\/p>\n","protected":false},"excerpt":{"rendered":"<p>Nj\u00eb person ka vdekur pasi ka r\u00ebn\u00eb n\u00eb tehet e turbin\u00ebs s\u00eb nj\u00eb avioni pasagjer\u00ebsh q\u00eb po nisej n\u00eb aeroportin Schiphol t\u00eb Amsterdamit. Vdekja ndodhi kur fluturimi KLM KL1341 ishte n\u00eb platform\u00ebn e aeroportit duke u p\u00ebrgatitur p\u00ebr t\u2019u nisur p\u00ebr n\u00eb Billund n\u00eb Danimark\u00eb. \u201cNj\u00eb \u2026 incident ndodhi n\u00eb Schiphol sot, gjat\u00eb t\u00eb cilit [&hellip;]<\/p>\n","protected":false},"author":1,"featured_media":3607,"comment_status":"open","ping_status":"open","sticky":false,"template":"","format":"standard","meta":{"footnotes":""},"categories":[1],"tags":[],"class_list":["post-3606","post","type-post","status-publish","format-standard","has-post-thumbnail","hentry","category-uncategorized"],"_links":{"self":[{"href":"https:\/\/radiogjilani.com\/index.php\/wp-json\/wp\/v2\/posts\/3606","targetHints":{"allow":["GET"]}}],"collection":[{"href":"https:\/\/radiogjilani.com\/index.php\/wp-json\/wp\/v2\/posts"}],"about":[{"href":"https:\/\/radiogjilani.com\/index.php\/wp-json\/wp\/v2\/types\/post"}],"author":[{"embeddable":true,"href":"https:\/\/radiogjilani.com\/index.php\/wp-json\/wp\/v2\/users\/1"}],"replies":[{"embeddable":true,"href":"https:\/\/radiogjilani.com\/index.php\/wp-json\/wp\/v2\/comments?post=3606"}],"version-history":[{"count":0,"href":"https:\/\/radiogjilani.com\/index.php\/wp-json\/wp\/v2\/posts\/3606\/revisions"}],"wp:featuredmedia":[{"embeddable":true,"href":"https:\/\/radiogjilani.com\/index.php\/wp-json\/wp\/v2\/media\/3607"}],"wp:attachment":[{"href":"https:\/\/radiogjilani.com\/index.php\/wp-json\/wp\/v2\/media?parent=3606"}],"wp:term":[{"taxonomy":"category","embeddable":true,"href":"https:\/\/radiogjilani.com\/index.php\/wp-json\/wp\/v2\/categories?post=3606"},{"taxonomy":"post_tag","embeddable":true,"href":"https:\/\/radiogjilani.com\/index.php\/wp-json\/wp\/v2\/tags?post=3606"}],"curies":[{"name":"wp","href":"https:\/\/api.w.org\/{rel}","templated":true}]}}