{"id":3640,"date":"2024-05-31T07:26:23","date_gmt":"2024-05-31T07:26:23","guid":{"rendered":"https:\/\/radiogjilani.com\/index.php\/2024\/05\/31\/osmani-arrin-ne-el-salvador\/"},"modified":"2024-05-31T07:26:23","modified_gmt":"2024-05-31T07:26:23","slug":"osmani-arrin-ne-el-salvador","status":"publish","type":"post","link":"https:\/\/radiogjilani.com\/index.php\/2024\/05\/31\/osmani-arrin-ne-el-salvador\/","title":{"rendered":"Osmani arrin n\u00eb El Salvador"},"content":{"rendered":"<p>Presidentja e Kosov\u00ebs, Vjosa Osmani, ka arritur n\u00eb El Salvador. N\u00ebp\u00ebrmjet dy videove t\u00eb postuara n\u00eb llogarin\u00eb e saj n\u00eb Instagram, e para e shtetit b\u00ebri t\u00eb ditur se \u00ebsht\u00eb pritur nga ministrja e Jashtme e El Salvadorit, Alexandra Hill Tinoco. Osmani n\u00eb El Salvador ka udh\u00ebtuar me ftes\u00eb t\u00eb presidentit, Nayib Bukele. Presidentja do t\u00eb marr\u00eb pjes\u00eb n\u00eb Inaugurimin e presidentit t\u00eb ri-zgjedhur Nayib Bukele.<\/p>\n<p><a href=\"https:\/\/ekonomiaonline.com\/osmani-arrin-ne-el-salvador\/\" rel=\"nofollow\">Source<\/a><\/p>\n","protected":false},"excerpt":{"rendered":"<p>Presidentja e Kosov\u00ebs, Vjosa Osmani, ka arritur n\u00eb El Salvador. N\u00ebp\u00ebrmjet dy videove t\u00eb postuara n\u00eb llogarin\u00eb e saj n\u00eb Instagram, e para e shtetit b\u00ebri t\u00eb ditur se \u00ebsht\u00eb pritur nga ministrja e Jashtme e El Salvadorit, Alexandra Hill Tinoco. Osmani n\u00eb El Salvador ka udh\u00ebtuar me ftes\u00eb t\u00eb presidentit, Nayib Bukele. Presidentja do [&hellip;]<\/p>\n","protected":false},"author":1,"featured_media":3641,"comment_status":"open","ping_status":"open","sticky":false,"template":"","format":"standard","meta":{"footnotes":""},"categories":[19],"tags":[],"class_list":["post-3640","post","type-post","status-publish","format-standard","has-post-thumbnail","hentry","category-eko"],"_links":{"self":[{"href":"https:\/\/radiogjilani.com\/index.php\/wp-json\/wp\/v2\/posts\/3640","targetHints":{"allow":["GET"]}}],"collection":[{"href":"https:\/\/radiogjilani.com\/index.php\/wp-json\/wp\/v2\/posts"}],"about":[{"href":"https:\/\/radiogjilani.com\/index.php\/wp-json\/wp\/v2\/types\/post"}],"author":[{"embeddable":true,"href":"https:\/\/radiogjilani.com\/index.php\/wp-json\/wp\/v2\/users\/1"}],"replies":[{"embeddable":true,"href":"https:\/\/radiogjilani.com\/index.php\/wp-json\/wp\/v2\/comments?post=3640"}],"version-history":[{"count":0,"href":"https:\/\/radiogjilani.com\/index.php\/wp-json\/wp\/v2\/posts\/3640\/revisions"}],"wp:featuredmedia":[{"embeddable":true,"href":"https:\/\/radiogjilani.com\/index.php\/wp-json\/wp\/v2\/media\/3641"}],"wp:attachment":[{"href":"https:\/\/radiogjilani.com\/index.php\/wp-json\/wp\/v2\/media?parent=3640"}],"wp:term":[{"taxonomy":"category","embeddable":true,"href":"https:\/\/radiogjilani.com\/index.php\/wp-json\/wp\/v2\/categories?post=3640"},{"taxonomy":"post_tag","embeddable":true,"href":"https:\/\/radiogjilani.com\/index.php\/wp-json\/wp\/v2\/tags?post=3640"}],"curies":[{"name":"wp","href":"https:\/\/api.w.org\/{rel}","templated":true}]}}