{"id":3662,"date":"2024-05-31T07:27:12","date_gmt":"2024-05-31T07:27:12","guid":{"rendered":"https:\/\/radiogjilani.com\/index.php\/2024\/05\/31\/kurti-pritet-ta-takoje-erdoganin-gjate-vizites-ne-turqi\/"},"modified":"2024-05-31T07:27:12","modified_gmt":"2024-05-31T07:27:12","slug":"kurti-pritet-ta-takoje-erdoganin-gjate-vizites-ne-turqi","status":"publish","type":"post","link":"https:\/\/radiogjilani.com\/index.php\/2024\/05\/31\/kurti-pritet-ta-takoje-erdoganin-gjate-vizites-ne-turqi\/","title":{"rendered":"Kurti pritet ta takoj\u00eb Erdogan\u2019in gjat\u00eb vizit\u00ebs n\u00eb Turqi"},"content":{"rendered":"<p>Kryeministri i Kosov\u00ebs, Albin Kurti, gjat\u00eb vizit\u00ebs zyrtare n\u00eb Turqi, e cila pritet t\u00eb realizohet dit\u00ebve t\u00eb ardhshme, do t\u00eb zhvilloj\u00eb nj\u00eb takim bilateral me presidentin e Turqis\u00eb, Recep Tayyip Erdogan dhe me ministrin e Pun\u00ebve t\u00eb Jashtme, Hakan Fidan.<\/p>\n<p>K\u00ebshtu t\u00eb pakt\u00ebn thuhet n\u00eb njoftimin e Zyr\u00ebs s\u00eb Kryeministrit, ku nd\u00ebr t\u00eb tjera theksohet se Kurti t\u00eb enjten ka pritur n\u00eb takim Ambasadorin e Turqis\u00eb n\u00eb Kosov\u00eb, Sabri Tun\u00e7 Ang\u0131l\u0131, n\u00eb prag t\u00eb vizit\u00ebs n\u00eb Ankara dhe Stamboll.<\/p>\n<p>\u201cN\u00eb Stamboll do t\u00eb mbahet edhe Forumi i par\u00eb Ekonomik mes Republik\u00ebs s\u00eb Kosov\u00ebs dhe Turqis\u00eb ku do t\u00eb marrin pjes\u00eb biznese t\u00eb shumta nga Kosova dhe Turqia si nj\u00eb mund\u00ebsi unike p\u00ebr t\u00eb zgjeruar mund\u00ebsit\u00eb e bashk\u00ebpunimit ekonomik dhe tregtar\u201d.<\/p>\n<p>Komunikata njofton nd\u00ebr t\u00eb tjera se gjat\u00eb takimit t\u00eb Kurtit me ambasadorin turk jan\u00eb diskutuar edhe marr\u00ebdh\u00ebniet dypal\u00ebshe dhe r\u00ebnd\u00ebsia e bashk\u00ebpunimit n\u00eb projekte t\u00eb p\u00ebrbashk\u00ebta edhe n\u00eb fushat e kultur\u00ebs, mbrojtjes dhe investimeve.<\/p>\n<div class=\"ads square\">\n<p><a href=\"https:\/\/track.adform.net\/C\/?bn=73199340;C=0\" target=\"_blank\" rel=\"noopener\"><\/p>\n<p><img loading=\"lazy\" decoding=\"async\" src=\"https:\/\/track.adform.net\/adfserve\/?bn=73199340;srctype=4;ord=%5Btimestamp%5D\" border=\"0\" width=\"300\" height=\"250\" alt=\"\"><\/p>\n<p><\/a><\/p><\/div>\n<p>\u201cKryeministri shprehu mir\u00ebnjohjen e tij p\u00ebr mb\u00ebshtetjen e vazhdueshme t\u00eb Turqis\u00eb e popullit t\u00eb saj ndaj popullit dhe shtetit t\u00eb Kosov\u00ebs, ve\u00e7an\u00ebrisht p\u00ebr rolin e saj n\u00eb an\u00ebtar\u00ebsimin e Kosov\u00ebs n\u00eb organizata nd\u00ebrkomb\u00ebtare e p\u00ebrkrahjen e pal\u00ebkundur s\u00eb fundmi p\u00ebr aderim n\u00eb K\u00ebshillin e Evrop\u00ebs\u201d.<\/p>\n<p>The post <a rel=\"nofollow\" href=\"https:\/\/albanianpost.com\/kurti-pritet-ta-takoje-erdoganin-gjate-vizites-ne-turqi\/\">Kurti pritet ta takoj\u00eb Erdogan\u2019in gjat\u00eb vizit\u00ebs n\u00eb Turqi<\/a> appeared first on <a rel=\"nofollow\" href=\"https:\/\/albanianpost.com\/\">Albanian Post<\/a>.<\/p>\n","protected":false},"excerpt":{"rendered":"<p>Kryeministri i Kosov\u00ebs, Albin Kurti, gjat\u00eb vizit\u00ebs zyrtare n\u00eb Turqi, e cila pritet t\u00eb realizohet dit\u00ebve t\u00eb ardhshme, do t\u00eb zhvilloj\u00eb nj\u00eb takim bilateral me presidentin e Turqis\u00eb, Recep Tayyip Erdogan dhe me ministrin e Pun\u00ebve t\u00eb Jashtme, Hakan Fidan. K\u00ebshtu t\u00eb pakt\u00ebn thuhet n\u00eb njoftimin e Zyr\u00ebs s\u00eb Kryeministrit, ku nd\u00ebr t\u00eb tjera theksohet [&hellip;]<\/p>\n","protected":false},"author":1,"featured_media":3663,"comment_status":"open","ping_status":"open","sticky":false,"template":"","format":"standard","meta":{"footnotes":""},"categories":[1],"tags":[],"class_list":["post-3662","post","type-post","status-publish","format-standard","has-post-thumbnail","hentry","category-uncategorized"],"_links":{"self":[{"href":"https:\/\/radiogjilani.com\/index.php\/wp-json\/wp\/v2\/posts\/3662","targetHints":{"allow":["GET"]}}],"collection":[{"href":"https:\/\/radiogjilani.com\/index.php\/wp-json\/wp\/v2\/posts"}],"about":[{"href":"https:\/\/radiogjilani.com\/index.php\/wp-json\/wp\/v2\/types\/post"}],"author":[{"embeddable":true,"href":"https:\/\/radiogjilani.com\/index.php\/wp-json\/wp\/v2\/users\/1"}],"replies":[{"embeddable":true,"href":"https:\/\/radiogjilani.com\/index.php\/wp-json\/wp\/v2\/comments?post=3662"}],"version-history":[{"count":0,"href":"https:\/\/radiogjilani.com\/index.php\/wp-json\/wp\/v2\/posts\/3662\/revisions"}],"wp:featuredmedia":[{"embeddable":true,"href":"https:\/\/radiogjilani.com\/index.php\/wp-json\/wp\/v2\/media\/3663"}],"wp:attachment":[{"href":"https:\/\/radiogjilani.com\/index.php\/wp-json\/wp\/v2\/media?parent=3662"}],"wp:term":[{"taxonomy":"category","embeddable":true,"href":"https:\/\/radiogjilani.com\/index.php\/wp-json\/wp\/v2\/categories?post=3662"},{"taxonomy":"post_tag","embeddable":true,"href":"https:\/\/radiogjilani.com\/index.php\/wp-json\/wp\/v2\/tags?post=3662"}],"curies":[{"name":"wp","href":"https:\/\/api.w.org\/{rel}","templated":true}]}}