{"id":3723,"date":"2024-06-01T08:20:11","date_gmt":"2024-06-01T08:20:11","guid":{"rendered":"https:\/\/radiogjilani.com\/index.php\/2024\/06\/01\/pse-nuk-duhet-te-konsumojme-pije-te-gazuara\/"},"modified":"2024-06-01T08:20:11","modified_gmt":"2024-06-01T08:20:11","slug":"pse-nuk-duhet-te-konsumojme-pije-te-gazuara","status":"publish","type":"post","link":"https:\/\/radiogjilani.com\/index.php\/2024\/06\/01\/pse-nuk-duhet-te-konsumojme-pije-te-gazuara\/","title":{"rendered":"Pse nuk duhet t\u00eb konsumojm\u00eb pije t\u00eb gazuara"},"content":{"rendered":"<p>Konsumimi i pijeve t\u00eb gazuara \u00ebsht\u00eb i d\u00ebmsh\u00ebm p\u00ebr sh\u00ebndetin. M\u00eb posht\u00eb po ju sjellim disa arsye pse jan\u00eb t\u00eb d\u00ebmshme: Sheqeri \u2013 Vet\u00ebm nj\u00eb k\u00ebna\u00e7e me pije t\u00eb gazuar p\u00ebrmban 10 lug\u00eb \u00e7aji sheqer. Kjo sasi sheqeri, p\u00ebr m\u00eb tep\u00ebr n\u00eb form\u00eb t\u00eb l\u00ebng\u00ebt, rrit jasht\u00eb mase nivelin e sheqerit dhe shkakton reaksion t\u00eb insulin\u00ebs n\u00eb trup. Me kalimin e koh\u00ebs kjo mund t\u00eb \u00e7oj\u00eb n\u00eb shfaqjen e diabetit ose n\u00eb shfaqjen e&#8230;<\/p>\n<p><a href=\"https:\/\/ekonomiaonline.com\/pse-nuk-duhet-te-konsumojme-pije-te-gazuara\/\" rel=\"nofollow\">Source<\/a><\/p>\n","protected":false},"excerpt":{"rendered":"<p>Konsumimi i pijeve t\u00eb gazuara \u00ebsht\u00eb i d\u00ebmsh\u00ebm p\u00ebr sh\u00ebndetin. M\u00eb posht\u00eb po ju sjellim disa arsye pse jan\u00eb t\u00eb d\u00ebmshme: Sheqeri \u2013 Vet\u00ebm nj\u00eb k\u00ebna\u00e7e me pije t\u00eb gazuar p\u00ebrmban 10 lug\u00eb \u00e7aji sheqer. Kjo sasi sheqeri, p\u00ebr m\u00eb tep\u00ebr n\u00eb form\u00eb t\u00eb l\u00ebng\u00ebt, rrit jasht\u00eb mase nivelin e sheqerit dhe shkakton reaksion t\u00eb [&hellip;]<\/p>\n","protected":false},"author":1,"featured_media":3724,"comment_status":"open","ping_status":"open","sticky":false,"template":"","format":"standard","meta":{"footnotes":""},"categories":[19],"tags":[],"class_list":["post-3723","post","type-post","status-publish","format-standard","has-post-thumbnail","hentry","category-eko"],"_links":{"self":[{"href":"https:\/\/radiogjilani.com\/index.php\/wp-json\/wp\/v2\/posts\/3723","targetHints":{"allow":["GET"]}}],"collection":[{"href":"https:\/\/radiogjilani.com\/index.php\/wp-json\/wp\/v2\/posts"}],"about":[{"href":"https:\/\/radiogjilani.com\/index.php\/wp-json\/wp\/v2\/types\/post"}],"author":[{"embeddable":true,"href":"https:\/\/radiogjilani.com\/index.php\/wp-json\/wp\/v2\/users\/1"}],"replies":[{"embeddable":true,"href":"https:\/\/radiogjilani.com\/index.php\/wp-json\/wp\/v2\/comments?post=3723"}],"version-history":[{"count":0,"href":"https:\/\/radiogjilani.com\/index.php\/wp-json\/wp\/v2\/posts\/3723\/revisions"}],"wp:featuredmedia":[{"embeddable":true,"href":"https:\/\/radiogjilani.com\/index.php\/wp-json\/wp\/v2\/media\/3724"}],"wp:attachment":[{"href":"https:\/\/radiogjilani.com\/index.php\/wp-json\/wp\/v2\/media?parent=3723"}],"wp:term":[{"taxonomy":"category","embeddable":true,"href":"https:\/\/radiogjilani.com\/index.php\/wp-json\/wp\/v2\/categories?post=3723"},{"taxonomy":"post_tag","embeddable":true,"href":"https:\/\/radiogjilani.com\/index.php\/wp-json\/wp\/v2\/tags?post=3723"}],"curies":[{"name":"wp","href":"https:\/\/api.w.org\/{rel}","templated":true}]}}