{"id":3733,"date":"2024-06-01T08:20:45","date_gmt":"2024-06-01T08:20:45","guid":{"rendered":"https:\/\/radiogjilani.com\/index.php\/2024\/06\/01\/turqia-po-trajtohet-si-gome-rezerve-kerkohet-mbeshtetja-e-saj-kur-ka-acarim-me-perendimin\/"},"modified":"2024-06-01T08:20:45","modified_gmt":"2024-06-01T08:20:45","slug":"turqia-po-trajtohet-si-gome-rezerve-kerkohet-mbeshtetja-e-saj-kur-ka-acarim-me-perendimin","status":"publish","type":"post","link":"https:\/\/radiogjilani.com\/index.php\/2024\/06\/01\/turqia-po-trajtohet-si-gome-rezerve-kerkohet-mbeshtetja-e-saj-kur-ka-acarim-me-perendimin\/","title":{"rendered":"\u201cTurqia po trajtohet si gom\u00eb rezerv\u00eb, k\u00ebrkohet mb\u00ebshtetja e saj kur ka acarim me Per\u00ebndimin\u201d"},"content":{"rendered":"<p>Analisti politik, Agon Maliqi, nd\u00ebrsa ka komentuar vizit\u00ebn e kryeministrit t\u00eb Kosov\u00ebs, Albin Kurtit n\u00eb Turqi, ka potencuar se historikisht lider\u00ebt kosovar\u00eb n\u00eb momentin q\u00eb kan\u00eb pasur plasaritje raportesh me Per\u00ebndimin, kan\u00eb k\u00ebrkuar mb\u00ebshtetje n\u00eb Ankara me vizita zyrtare atje.<\/p>\n<p>Manovra t\u00eb tilla oportuniste, sipas Maliqit, tregojn\u00eb munges\u00eb respekti p\u00ebr nj\u00eb shtet miq\u00ebsor si Turqia.<\/p>\n<p>Maliqi vler\u00ebson se me k\u00ebt\u00eb qasje shteti turk po trajtohej si \u201cgom\u00eb rezerv\u00eb\u201d n\u00eb vend se t\u00eb trajtohet si \u201cpartner strategjik\u201d.<\/p>\n<p>\u201cTendenca historike e lider\u00ebve tan\u00eb \u00ebsht\u00eb q\u00eb, sapo t\u00eb b\u00ebhet puna pak llug\u00eb me per\u00ebndimin, me u nis me k\u00ebrku mb\u00ebshtetje n\u00eb Turqi. Problemi k\u00ebtu nuk \u00ebsht\u00eb vet\u00ebm acarimi tashm\u00eb kronik me per\u00ebndimin dhe humbja e busull\u00ebs son\u00eb orientuese t\u00eb bazuar n\u00eb vlera demokratike, por edhe fakti se me manovra t\u00eb tilla oportuniste tregojm\u00eb munges\u00eb respekti p\u00ebr nj\u00eb shtet miq\u00ebsor si Turqia\u201d, ka shkruar ai n\u00eb platform\u00ebn sociale, Facebook.<\/p>\n<div class=\"ads square\">\n<p><a href=\"https:\/\/track.adform.net\/C\/?bn=73199340;C=0\" target=\"_blank\" rel=\"noopener\"><\/p>\n<p><img loading=\"lazy\" decoding=\"async\" src=\"https:\/\/track.adform.net\/adfserve\/?bn=73199340;srctype=4;ord=%5Btimestamp%5D\" border=\"0\" width=\"300\" height=\"250\" alt=\"\"><\/p>\n<p><\/a><\/p><\/div>\n<p>T\u00eb premten p\u00ebr t\u00eb dyt\u00ebn her\u00eb me radh\u00eb gjat\u00eb k\u00ebtij viti, Kurti ka takuar presidentin e Turqis\u00eb, Recep Tayyip Erdogan.<\/p>\n<p>N\u00eb takimin q\u00eb zgjati plot dy or\u00eb n\u00eb Ankara, Kurti njoftoi se me Erdoganin kan\u00eb diskutuar p\u00ebr mund\u00ebsit\u00eb e reja t\u00eb bashk\u00ebpunimit n\u00eb fush\u00ebn e ekonomis\u00eb dhe t\u00eb mbrojtjes.<\/p>\n<p>P\u00ebr takimin n\u00eb fjal\u00eb u deklaruar edhe Erdogan i cili k\u00ebrkoi q\u00eb Kosova dhe Serbia t\u00eb b\u00ebjn\u00eb p\u00ebrparim konkret n\u00eb raport me marr\u00ebdh\u00ebniet e tyre dypal\u00ebshe.<\/p>\n<p>Sipas nj\u00eb komunikate p\u00ebr media e l\u00ebshuar nga Zyra e Presidentit t\u00eb Turqis\u00eb, b\u00ebhet e ditur se takimi \u00ebsht\u00eb p\u00ebrqendruar n\u00eb q\u00ebllimin e rritjes s\u00eb v\u00ebllimit tregtar midis Turqis\u00eb dhe Kosov\u00ebs.<\/p>\n<p>\u201cEkziston nj\u00eb potencial p\u00ebr t\u00eb p\u00ebrmir\u00ebsuar marr\u00ebdh\u00ebniet n\u00eb shum\u00eb fusha, ve\u00e7an\u00ebrisht n\u00eb industrin\u00eb e mbrojtjes\u201d.<\/p>\n<p>T\u00eb pranish\u00ebm n\u00eb takim ishin edhe ministri i Mbrojtjes s\u00eb Turqis\u00eb, Yasar Guler, z\u00ebvend\u00ebskryeministri i par\u00eb i Kosov\u00ebs, Besnik Bislimi dhe z\u00ebvend\u00ebskryeministrja, Emilija Rexhepi.<\/p>\n<p>Ndryshe Kurti gjat\u00eb q\u00ebndrimit n\u00eb Ankara takoi edhe ministrin e Pun\u00ebve t\u00eb Jashtme t\u00eb Turqis\u00eb, Hakan Fidan.<\/p>\n<p>The post <a rel=\"nofollow\" href=\"https:\/\/albanianpost.com\/turqia-po-trajtohet-si-gome-rezerve-kerkohet-mbeshtetja-e-saj-kur-ka-acarim-me-perendimin\/\">\u201cTurqia po trajtohet si gom\u00eb rezerv\u00eb, k\u00ebrkohet mb\u00ebshtetja e saj kur ka acarim me Per\u00ebndimin\u201d<\/a> appeared first on <a rel=\"nofollow\" href=\"https:\/\/albanianpost.com\/\">Albanian Post<\/a>.<\/p>\n","protected":false},"excerpt":{"rendered":"<p>Analisti politik, Agon Maliqi, nd\u00ebrsa ka komentuar vizit\u00ebn e kryeministrit t\u00eb Kosov\u00ebs, Albin Kurtit n\u00eb Turqi, ka potencuar se historikisht lider\u00ebt kosovar\u00eb n\u00eb momentin q\u00eb kan\u00eb pasur plasaritje raportesh me Per\u00ebndimin, kan\u00eb k\u00ebrkuar mb\u00ebshtetje n\u00eb Ankara me vizita zyrtare atje. Manovra t\u00eb tilla oportuniste, sipas Maliqit, tregojn\u00eb munges\u00eb respekti p\u00ebr nj\u00eb shtet miq\u00ebsor si Turqia. [&hellip;]<\/p>\n","protected":false},"author":1,"featured_media":3734,"comment_status":"open","ping_status":"open","sticky":false,"template":"","format":"standard","meta":{"footnotes":""},"categories":[1],"tags":[],"class_list":["post-3733","post","type-post","status-publish","format-standard","has-post-thumbnail","hentry","category-uncategorized"],"_links":{"self":[{"href":"https:\/\/radiogjilani.com\/index.php\/wp-json\/wp\/v2\/posts\/3733","targetHints":{"allow":["GET"]}}],"collection":[{"href":"https:\/\/radiogjilani.com\/index.php\/wp-json\/wp\/v2\/posts"}],"about":[{"href":"https:\/\/radiogjilani.com\/index.php\/wp-json\/wp\/v2\/types\/post"}],"author":[{"embeddable":true,"href":"https:\/\/radiogjilani.com\/index.php\/wp-json\/wp\/v2\/users\/1"}],"replies":[{"embeddable":true,"href":"https:\/\/radiogjilani.com\/index.php\/wp-json\/wp\/v2\/comments?post=3733"}],"version-history":[{"count":0,"href":"https:\/\/radiogjilani.com\/index.php\/wp-json\/wp\/v2\/posts\/3733\/revisions"}],"wp:featuredmedia":[{"embeddable":true,"href":"https:\/\/radiogjilani.com\/index.php\/wp-json\/wp\/v2\/media\/3734"}],"wp:attachment":[{"href":"https:\/\/radiogjilani.com\/index.php\/wp-json\/wp\/v2\/media?parent=3733"}],"wp:term":[{"taxonomy":"category","embeddable":true,"href":"https:\/\/radiogjilani.com\/index.php\/wp-json\/wp\/v2\/categories?post=3733"},{"taxonomy":"post_tag","embeddable":true,"href":"https:\/\/radiogjilani.com\/index.php\/wp-json\/wp\/v2\/tags?post=3733"}],"curies":[{"name":"wp","href":"https:\/\/api.w.org\/{rel}","templated":true}]}}