{"id":420,"date":"2024-04-01T13:56:54","date_gmt":"2024-04-01T13:56:54","guid":{"rendered":"https:\/\/radiogjilani.com\/index.php\/2024\/04\/01\/pasiguria-ne-kosove-aktivizon-mbrojtjen-e-nato-s-ministrat-e-mbrojtjes-qe-erdhen-per-vizite-ne-tremujorin-e-pare-te-vitit\/"},"modified":"2024-04-01T13:56:54","modified_gmt":"2024-04-01T13:56:54","slug":"pasiguria-ne-kosove-aktivizon-mbrojtjen-e-nato-s-ministrat-e-mbrojtjes-qe-erdhen-per-vizite-ne-tremujorin-e-pare-te-vitit","status":"publish","type":"post","link":"https:\/\/radiogjilani.com\/index.php\/2024\/04\/01\/pasiguria-ne-kosove-aktivizon-mbrojtjen-e-nato-s-ministrat-e-mbrojtjes-qe-erdhen-per-vizite-ne-tremujorin-e-pare-te-vitit\/","title":{"rendered":"(Pa)siguria n\u00eb Kosov\u00eb aktivizon mbrojtjen e NATO-s: Ministrat e Mbrojtjes q\u00eb erdh\u00ebn p\u00ebr vizit\u00eb n\u00eb tremujorin e par\u00eb t\u00eb vitit"},"content":{"rendered":"<p>N\u00eb nj\u00eb koh\u00eb sfiduese, posa\u00e7\u00ebrisht pas tensioneve t\u00eb fundit q\u00eb u ngrit\u00ebn n\u00eb nivele shp\u00ebrthyese, n\u00eb Kosov\u00eb erdh\u00ebn p\u00ebr vizit\u00eb kat\u00ebr zyrtar\u00eb t\u00eb lart\u00eb t\u00eb vendeve an\u00ebtare t\u00eb NATO-s. Ministri i Mbrojtjes s\u00eb Gjermanis\u00eb, Boris Pistorius, m\u00eb 5 shkurt, q\u00ebndroi n\u00eb Prishtin\u00eb p\u00ebr situat\u00ebn e r\u00ebnduar t\u00eb siguris\u00eb n\u00eb rajon, posa\u00e7\u00ebrisht pas tensioneve t\u00eb mprehta midis Kosov\u00ebs dhe Serbis\u00eb.<\/p>\n<p>Pistorius erdhi n\u00eb Prishtin\u00eb s\u00eb bashku me nj\u00eb delegacion t\u00eb Parlamentit t\u00eb Gjermanis\u00eb, an\u00ebtar\u00eb t\u00eb Komisionit p\u00ebr \u00c7\u00ebshtje t\u00eb Siguris\u00eb dhe Mbrojtjes, ku u adresua vizioni gjeostrategjik i Kosov\u00ebs sa i p\u00ebrket integrimeve euro-atlantike dhe sigurisht, rrjedha e tensionuar e marr\u00ebdh\u00ebnieve. Ai siguroi mb\u00ebshtetje t\u00eb madhe p\u00ebr Kosov\u00ebn, sikurse brenda, ashtu edhe jasht\u00eb vendit.<\/p>\n<p>Gjermania pritet t\u00eb d\u00ebrgoj\u00eb rreth 150 ushtar\u00eb n\u00eb Kosov\u00eb n\u00eb prill p\u00ebr t\u00eb p\u00ebrforcuar kontigjentin prej 71 trupave gjermane n\u00eb Forc\u00ebn e NATO-s (KFOR), ndon\u00ebse u tha se vendimi p\u00ebr rritjen e prezenc\u00ebn n\u00eb vend nuk ka t\u00eb b\u00ebj\u00eb drejtp\u00ebrdrejt\u00eb me tensionet aktuale nd\u00ebrmjet Kosov\u00ebs dhe Serbis\u00eb, por m\u00eb tep\u00ebr p\u00ebr t\u00eb kompensuar t\u00ebrheqjen e trupave austriake nga KFOR-i.<\/p>\n<p>Nd\u00ebrkoh\u00eb, n\u00eb p\u00ebrgjigje ndaj sfidave t\u00eb siguris\u00eb, n\u00eb Kosov\u00eb q\u00ebndroi edhe ministri i Mbrojtjes s\u00eb Polonis\u00eb, Wladyslaw Kosiniak-Kamysz, i cili n\u00eb nj\u00eb takim me ushtar\u00ebt e kontigjentit polak t\u00eb KFOR-it, deklaroi se kudo q\u00eb nevojitet prania e ushtar\u00ebve polak\u00eb, ata do t\u00eb jen\u00eb atje p\u00ebr t\u00eb ruajtur paqen dhe sigurin\u00eb, duke p\u00ebrmbushur detyrat q\u00eb burojn\u00eb nga aleanca ushtarake.<\/p>\n<p>Pjes\u00ebmarrja n\u00eb misionin e KFOR-it sh\u00ebnon nj\u00eb nga misionet e para t\u00eb ushtris\u00eb polake brenda NATO-s. N\u00eb Kosov\u00eb ndodhet kontingjenti m\u00eb i madh polak n\u00eb krahasim me prezenc\u00ebn paqeruajt\u00ebse n\u00eb vendet tjera \u2013 Rumani, Letoni dhe Turqi \u2013 me rreth 250 ushtar\u00eb, nd\u00ebrsa p\u00ebrve\u00e7 kontingjentit ushtarak, n\u00eb Kosov\u00eb \u00ebsht\u00eb i pranish\u00ebm edhe nj\u00eb kontingjent policor i Polonis\u00eb.<\/p>\n<p>Kosov\u00ebn e vizitoi edhe ministri i Mbrojtjes s\u00eb Kroacis\u00eb, Ivan Anushi\u00e7, i cili gjithashtu adresoi situat\u00ebn e siguris\u00eb n\u00eb vend dhe rajon, por edhe rolin e trupave kroate n\u00eb kuad\u00ebr t\u00eb misionit paqeruajt\u00ebs t\u00eb KFOR-it n\u00eb ngritjen e kapaciteteve mbrojt\u00ebse t\u00eb Kosov\u00ebs. Kroacia miratoi pjes\u00ebmarrjen e deri 160 pjes\u00ebtar\u00ebve t\u00eb Forcave t\u00eb Armatosura t\u00eb Kroacis\u00eb (HKoV) n\u00eb KFOR.<\/p>\n<p>Serin\u00eb e vizitave n\u00eb Kosov\u00eb e p\u00ebrmbylli ministri i Mbrojtjes s\u00eb Italis\u00eb, Guido Crosetto, i cili q\u00ebndroi jav\u00ebn e kaluar n\u00eb vend p\u00ebr t\u00eb zbutur tensionet dhe shmangur p\u00ebrshkall\u00ebzimin e radh\u00ebs mes pal\u00ebve, por edhe p\u00ebr t\u00eb shqyrtuar mund\u00ebsit\u00eb p\u00ebr bashk\u00ebpunim midis Forcave t\u00eb Armatosura t\u00eb Italis\u00eb (FAI) dhe Forc\u00ebs s\u00eb Siguris\u00eb s\u00eb Kosov\u00ebs (FSK) n\u00eb drit\u00ebn e k\u00ebtyre zhvillimeve.<\/p>\n<p>N\u00eb nd\u00ebrkoh\u00eb, kryeministri i Kosov\u00ebs, Albin Kurti, deklaroi se Serbia ka dislokuar sisteme kund\u00ebrajrore n\u00eb af\u00ebrsi t\u00eb kufirit me Kosov\u00ebn, derisa paralajm\u00ebroi edhe p\u00ebr riorganizimin e grupit t\u00eb ish-n\u00ebnkryetarit t\u00eb List\u00ebs S\u00ebrpska, Millan Radoi\u00e7i\u00e7, i cili organizoi dhe kreu sulmin terrorist t\u00eb 24 shtatorit n\u00eb Banj\u00eb t\u00eb Zve\u00e7anit n\u00eb pjes\u00ebn veriore t\u00eb Kosov\u00ebs me shumic\u00eb serbe.<\/p>\n<p>N\u00eb raportin e p\u00ebrvjetsh\u00ebm t\u00eb vler\u00ebsimit t\u00eb k\u00ebrc\u00ebnimeve globale t\u00eb siguris\u00eb, komuniteti i\u00a0inteligjenc\u00ebs amerikane\u00a0paralajm\u00ebroi ngritje t\u00eb nivelit t\u00eb rrezikut nga p\u00ebrshkall\u00ebzimi i m\u00ebtejm\u00eb i dhun\u00ebs n\u00eb Ballkanin Per\u00ebndimor p\u00ebrgjat\u00eb vitit 2024, derisa u p\u00ebrmenden tensionet midis Kosov\u00ebs dhe Serbis\u00eb n\u00eb pjes\u00ebn veriore t\u00eb Kosov\u00ebs q\u00eb karakterizuan rajonin n\u00eb 2023.<\/p>\n<p>Presidenti i Serbis\u00eb, Aleksandar Vu\u00e7i\u00e7, m\u00eb 28 mars, deklaroi se Serbin\u00eb e presin \u201cdit\u00eb t\u00eb v\u00ebshtira\u201d n\u00eb t\u00eb ardhmen, por pa specifikuar p\u00ebr \u00e7far\u00eb realisht b\u00ebhet fjal\u00eb, nd\u00ebrsa shtoi se p\u00ebr gjith\u00e7ka do t\u00eb flas\u00eb m\u00eb shum\u00eb n\u00eb \u201cdit\u00ebt n\u00eb vijim\u201d, duke nxitur komente n\u00eb rrjetet sociale n\u00ebse ai po fliste p\u00ebr mund\u00ebsin\u00eb e p\u00ebrfshirjes s\u00eb Serbis\u00eb n\u00eb nj\u00eb konflikt t\u00eb armatosur n\u00eb rajon.<\/p>\n<p>The post <a rel=\"nofollow\" href=\"https:\/\/albanianpost.com\/pasiguria-ne-kosove-aktivizon-mbrojtjen-e-nato-s-ministrat-e-mbrojtjes-qe-erdhen-per-vizite-ne-tremujorin-e-pare-te-vitit\/\">(Pa)siguria n\u00eb Kosov\u00eb aktivizon mbrojtjen e NATO-s: Ministrat e Mbrojtjes q\u00eb erdh\u00ebn p\u00ebr vizit\u00eb n\u00eb tremujorin e par\u00eb t\u00eb vitit<\/a> appeared first on <a rel=\"nofollow\" href=\"https:\/\/albanianpost.com\/\">Albanian Post<\/a>.<\/p>\n","protected":false},"excerpt":{"rendered":"<p>N\u00eb nj\u00eb koh\u00eb sfiduese, posa\u00e7\u00ebrisht pas tensioneve t\u00eb fundit q\u00eb u ngrit\u00ebn n\u00eb nivele shp\u00ebrthyese, n\u00eb Kosov\u00eb erdh\u00ebn p\u00ebr vizit\u00eb kat\u00ebr zyrtar\u00eb t\u00eb lart\u00eb t\u00eb vendeve an\u00ebtare t\u00eb NATO-s. Ministri i Mbrojtjes s\u00eb Gjermanis\u00eb, Boris Pistorius, m\u00eb 5 shkurt, q\u00ebndroi n\u00eb Prishtin\u00eb p\u00ebr situat\u00ebn e r\u00ebnduar t\u00eb siguris\u00eb n\u00eb rajon, posa\u00e7\u00ebrisht pas tensioneve t\u00eb mprehta [&hellip;]<\/p>\n","protected":false},"author":1,"featured_media":421,"comment_status":"open","ping_status":"open","sticky":false,"template":"","format":"standard","meta":{"footnotes":""},"categories":[1],"tags":[],"class_list":["post-420","post","type-post","status-publish","format-standard","has-post-thumbnail","hentry","category-uncategorized"],"_links":{"self":[{"href":"https:\/\/radiogjilani.com\/index.php\/wp-json\/wp\/v2\/posts\/420","targetHints":{"allow":["GET"]}}],"collection":[{"href":"https:\/\/radiogjilani.com\/index.php\/wp-json\/wp\/v2\/posts"}],"about":[{"href":"https:\/\/radiogjilani.com\/index.php\/wp-json\/wp\/v2\/types\/post"}],"author":[{"embeddable":true,"href":"https:\/\/radiogjilani.com\/index.php\/wp-json\/wp\/v2\/users\/1"}],"replies":[{"embeddable":true,"href":"https:\/\/radiogjilani.com\/index.php\/wp-json\/wp\/v2\/comments?post=420"}],"version-history":[{"count":0,"href":"https:\/\/radiogjilani.com\/index.php\/wp-json\/wp\/v2\/posts\/420\/revisions"}],"wp:featuredmedia":[{"embeddable":true,"href":"https:\/\/radiogjilani.com\/index.php\/wp-json\/wp\/v2\/media\/421"}],"wp:attachment":[{"href":"https:\/\/radiogjilani.com\/index.php\/wp-json\/wp\/v2\/media?parent=420"}],"wp:term":[{"taxonomy":"category","embeddable":true,"href":"https:\/\/radiogjilani.com\/index.php\/wp-json\/wp\/v2\/categories?post=420"},{"taxonomy":"post_tag","embeddable":true,"href":"https:\/\/radiogjilani.com\/index.php\/wp-json\/wp\/v2\/tags?post=420"}],"curies":[{"name":"wp","href":"https:\/\/api.w.org\/{rel}","templated":true}]}}