{"id":4255,"date":"2024-06-02T08:19:30","date_gmt":"2024-06-02T08:19:30","guid":{"rendered":"https:\/\/radiogjilani.com\/index.php\/2024\/06\/02\/osmani-takohet-me-presidentin-e-el-salvadorit-flasin-per-sundimin-e-ligjit-prosperitetin-ekonomik-dhe-zgjerimin-e-aleancave\/"},"modified":"2024-06-02T08:19:30","modified_gmt":"2024-06-02T08:19:30","slug":"osmani-takohet-me-presidentin-e-el-salvadorit-flasin-per-sundimin-e-ligjit-prosperitetin-ekonomik-dhe-zgjerimin-e-aleancave","status":"publish","type":"post","link":"https:\/\/radiogjilani.com\/index.php\/2024\/06\/02\/osmani-takohet-me-presidentin-e-el-salvadorit-flasin-per-sundimin-e-ligjit-prosperitetin-ekonomik-dhe-zgjerimin-e-aleancave\/","title":{"rendered":"Osmani takohet me presidentin e El Salvadorit, flasin p\u00ebr \u201csundimin e ligjit, prosperitetin ekonomik dhe zgjerimin e aleancave\u201d"},"content":{"rendered":"<p>Presidentja e Kosov\u00ebs, Vjosa Osmani, \u00ebsht\u00eb takuar me presidentin e El Salvadorit, Nayib Bukele. N\u00eb nj\u00eb postim n\u00eb Facebook, Osmani ka shkruar se me homologun e saj kan\u00eb diskutuar p\u00ebr sundimin e ligjit, prosperitetin ekonomik dhe zgjerimin e aleancave. Osmani ka th\u00ebn\u00eb se vizita e saj n\u00eb El Salvador p\u00ebrb\u00ebn hap t\u00eb r\u00ebnd\u00ebsish\u00ebm drejt realizimit t\u00eb potencialit p\u00ebr bashk\u00ebpunim mes dy vendeve.<\/p>\n<p><a href=\"https:\/\/ekonomiaonline.com\/osmani-takohet-me-presidentin-e-el-salvadorit-flasin-per-sundimin-e-ligjit-prosperitetin-ekonomik-dhe-zgjerimin-e-aleancave\/\" rel=\"nofollow\">Source<\/a><\/p>\n","protected":false},"excerpt":{"rendered":"<p>Presidentja e Kosov\u00ebs, Vjosa Osmani, \u00ebsht\u00eb takuar me presidentin e El Salvadorit, Nayib Bukele. N\u00eb nj\u00eb postim n\u00eb Facebook, Osmani ka shkruar se me homologun e saj kan\u00eb diskutuar p\u00ebr sundimin e ligjit, prosperitetin ekonomik dhe zgjerimin e aleancave. Osmani ka th\u00ebn\u00eb se vizita e saj n\u00eb El Salvador p\u00ebrb\u00ebn hap t\u00eb r\u00ebnd\u00ebsish\u00ebm drejt realizimit [&hellip;]<\/p>\n","protected":false},"author":1,"featured_media":4256,"comment_status":"open","ping_status":"open","sticky":false,"template":"","format":"standard","meta":{"footnotes":""},"categories":[19],"tags":[],"class_list":["post-4255","post","type-post","status-publish","format-standard","has-post-thumbnail","hentry","category-eko"],"_links":{"self":[{"href":"https:\/\/radiogjilani.com\/index.php\/wp-json\/wp\/v2\/posts\/4255","targetHints":{"allow":["GET"]}}],"collection":[{"href":"https:\/\/radiogjilani.com\/index.php\/wp-json\/wp\/v2\/posts"}],"about":[{"href":"https:\/\/radiogjilani.com\/index.php\/wp-json\/wp\/v2\/types\/post"}],"author":[{"embeddable":true,"href":"https:\/\/radiogjilani.com\/index.php\/wp-json\/wp\/v2\/users\/1"}],"replies":[{"embeddable":true,"href":"https:\/\/radiogjilani.com\/index.php\/wp-json\/wp\/v2\/comments?post=4255"}],"version-history":[{"count":0,"href":"https:\/\/radiogjilani.com\/index.php\/wp-json\/wp\/v2\/posts\/4255\/revisions"}],"wp:featuredmedia":[{"embeddable":true,"href":"https:\/\/radiogjilani.com\/index.php\/wp-json\/wp\/v2\/media\/4256"}],"wp:attachment":[{"href":"https:\/\/radiogjilani.com\/index.php\/wp-json\/wp\/v2\/media?parent=4255"}],"wp:term":[{"taxonomy":"category","embeddable":true,"href":"https:\/\/radiogjilani.com\/index.php\/wp-json\/wp\/v2\/categories?post=4255"},{"taxonomy":"post_tag","embeddable":true,"href":"https:\/\/radiogjilani.com\/index.php\/wp-json\/wp\/v2\/tags?post=4255"}],"curies":[{"name":"wp","href":"https:\/\/api.w.org\/{rel}","templated":true}]}}