{"id":4261,"date":"2024-06-02T08:19:27","date_gmt":"2024-06-02T08:19:27","guid":{"rendered":"https:\/\/radiogjilani.com\/index.php\/2024\/06\/02\/oek-u-dhe-eic-thirrje-qeverise-te-permbushen-kushtet-per-te-perfituar-nga-fondi-6-miliardesh-i-be-se\/"},"modified":"2024-06-02T08:19:27","modified_gmt":"2024-06-02T08:19:27","slug":"oek-u-dhe-eic-thirrje-qeverise-te-permbushen-kushtet-per-te-perfituar-nga-fondi-6-miliardesh-i-be-se","status":"publish","type":"post","link":"https:\/\/radiogjilani.com\/index.php\/2024\/06\/02\/oek-u-dhe-eic-thirrje-qeverise-te-permbushen-kushtet-per-te-perfituar-nga-fondi-6-miliardesh-i-be-se\/","title":{"rendered":"OEK-u dhe EIC thirrje Qeveris\u00eb t\u00eb p\u00ebrmbushen kushtet p\u00ebr t\u00eb p\u00ebrfituar nga fondi 6-miliard\u00ebsh i BE-s\u00eb"},"content":{"rendered":"<p>Oda Ekonomike e Kosov\u00ebs (OEK) dhe K\u00ebshilli i Investitor\u00ebve Evropian\u00eb (EIC) i kan\u00eb b\u00ebr\u00eb thirrje qeveris\u00eb q\u00eb t\u00eb jet\u00eb vigjilente n\u00eb p\u00ebrmbushjen e kushteve q\u00eb i jan\u00eb vendosur Kosov\u00ebs, n\u00eb m\u00ebnyr\u00eb q\u00eb vendi t\u00eb mos humbas shansin q\u00eb t\u00eb p\u00ebrfitoj\u00eb nga fondi 6 miliard\u00eb euro i Bashkimit Evropian, n\u00eb kuad\u00ebr t\u00eb Planit t\u00eb ri t\u00eb Rritjes p\u00ebr vendet e Ballkanit Per\u00ebndimor, raporton Ekonomia Online. Ata kan\u00eb th\u00ebn\u00eb se&#8230;<\/p>\n<p><a href=\"https:\/\/ekonomiaonline.com\/oek-u-dhe-eic-thirrje-qeverise-te-permbushen-kushtet-per-te-perfituar-nga-fondi-6-miliardesh-i-be-se\/\" rel=\"nofollow\">Source<\/a><\/p>\n","protected":false},"excerpt":{"rendered":"<p>Oda Ekonomike e Kosov\u00ebs (OEK) dhe K\u00ebshilli i Investitor\u00ebve Evropian\u00eb (EIC) i kan\u00eb b\u00ebr\u00eb thirrje qeveris\u00eb q\u00eb t\u00eb jet\u00eb vigjilente n\u00eb p\u00ebrmbushjen e kushteve q\u00eb i jan\u00eb vendosur Kosov\u00ebs, n\u00eb m\u00ebnyr\u00eb q\u00eb vendi t\u00eb mos humbas shansin q\u00eb t\u00eb p\u00ebrfitoj\u00eb nga fondi 6 miliard\u00eb euro i Bashkimit Evropian, n\u00eb kuad\u00ebr t\u00eb Planit t\u00eb ri t\u00eb [&hellip;]<\/p>\n","protected":false},"author":1,"featured_media":4262,"comment_status":"open","ping_status":"open","sticky":false,"template":"","format":"standard","meta":{"footnotes":""},"categories":[19],"tags":[],"class_list":["post-4261","post","type-post","status-publish","format-standard","has-post-thumbnail","hentry","category-eko"],"_links":{"self":[{"href":"https:\/\/radiogjilani.com\/index.php\/wp-json\/wp\/v2\/posts\/4261","targetHints":{"allow":["GET"]}}],"collection":[{"href":"https:\/\/radiogjilani.com\/index.php\/wp-json\/wp\/v2\/posts"}],"about":[{"href":"https:\/\/radiogjilani.com\/index.php\/wp-json\/wp\/v2\/types\/post"}],"author":[{"embeddable":true,"href":"https:\/\/radiogjilani.com\/index.php\/wp-json\/wp\/v2\/users\/1"}],"replies":[{"embeddable":true,"href":"https:\/\/radiogjilani.com\/index.php\/wp-json\/wp\/v2\/comments?post=4261"}],"version-history":[{"count":0,"href":"https:\/\/radiogjilani.com\/index.php\/wp-json\/wp\/v2\/posts\/4261\/revisions"}],"wp:featuredmedia":[{"embeddable":true,"href":"https:\/\/radiogjilani.com\/index.php\/wp-json\/wp\/v2\/media\/4262"}],"wp:attachment":[{"href":"https:\/\/radiogjilani.com\/index.php\/wp-json\/wp\/v2\/media?parent=4261"}],"wp:term":[{"taxonomy":"category","embeddable":true,"href":"https:\/\/radiogjilani.com\/index.php\/wp-json\/wp\/v2\/categories?post=4261"},{"taxonomy":"post_tag","embeddable":true,"href":"https:\/\/radiogjilani.com\/index.php\/wp-json\/wp\/v2\/tags?post=4261"}],"curies":[{"name":"wp","href":"https:\/\/api.w.org\/{rel}","templated":true}]}}