{"id":430,"date":"2024-04-01T13:56:49","date_gmt":"2024-04-01T13:56:49","guid":{"rendered":"https:\/\/radiogjilani.com\/index.php\/2024\/04\/01\/kurti-e-pranon-kam-bere-shume-kompromise-me-nderkombetaret\/"},"modified":"2024-04-01T13:56:49","modified_gmt":"2024-04-01T13:56:49","slug":"kurti-e-pranon-kam-bere-shume-kompromise-me-nderkombetaret","status":"publish","type":"post","link":"https:\/\/radiogjilani.com\/index.php\/2024\/04\/01\/kurti-e-pranon-kam-bere-shume-kompromise-me-nderkombetaret\/","title":{"rendered":"Kurti e pranon: Kam b\u00ebr\u00eb shum\u00eb kompromise me nd\u00ebrkomb\u00ebtar\u00ebt"},"content":{"rendered":"<p>Kryeministri i Kosov\u00ebs, Albin Kurti, ka deklaruar se ka b\u00ebr\u00eb shum\u00eb kompromise n\u00eb negocimet me nd\u00ebrkomb\u00ebtar\u00ebt dhe Serbin\u00eb, p\u00ebrmes dialogut t\u00eb Brukselit dhe detyrimeve q\u00eb dalin nga marr\u00ebveshjet e arritura atje, derisa ka folur n\u00eb podkastin \u201c<a href=\"https:\/\/youtu.be\/4CJ6rjRHoOg?t=1777\">The Rest Is Politics<\/a>\u201d q\u00eb udh\u00ebhiqet nga gazetari britanik, Alastair Campbell dhe ish-ministri britanik, Rory Stewart.<\/p>\n<p>Ishte Stewart q\u00eb fillimisht hapi k\u00ebt\u00eb tem\u00eb, duke e p\u00ebrshkruar Kurtin si nj\u00eb politikan q\u00eb ka fituar reputacionin e nj\u00eb aktori politik me t\u00eb cilin bashk\u00ebsis\u00eb nd\u00ebrkomb\u00ebtare i del problem, meq\u00eb ai \u00ebsht\u00eb kok\u00ebfort\u00eb dhe nuk b\u00ebn kompromise, por Kurti e mohoi konstatimin, duke th\u00ebn\u00eb se n\u00ebse shikohet mir\u00eb rrug\u00ebtimi i tij at\u00ebher\u00eb v\u00ebrehet se ai jo q\u00eb ka b\u00ebr\u00eb kompromise, por ka b\u00ebr\u00eb shum\u00eb madje.<\/p>\n<p>Stewart e pyeti Kurtin se cili \u00ebsht\u00eb q\u00ebllimi dhe benefiti i stilit t\u00eb t\u00eb b\u00ebrit politik\u00eb t\u00eb jashtme dhe n\u00eb p\u00ebrgjith\u00ebsi politik\u00eb \u201ckonfrontuese\u201d.<\/p>\n<p>\u201cA \u00ebsht\u00eb kjo qasje e jotja, kjo qaje konfrontuese, a \u00ebsht\u00eb pjes\u00eb e personaliteti t\u00ebnd, apo \u00ebsht\u00eb teknik\u00eb politike. A besoni se mund t\u00eb arrini m\u00eb shum\u00eb p\u00ebr qytetar\u00ebt tuaj duke mos b\u00ebr\u00eb kompromise?\u201d, <a href=\"https:\/\/youtu.be\/4CJ6rjRHoOg?t=1777\">i tha<\/a> Stewart Kurtit.<\/p>\n<p>Derisa m\u00eb pas kryeministri i Kosov\u00eb u p\u00ebrgjigj se \u201cun\u00eb kam b\u00ebr\u00eb kompromise\u201d.<\/p>\n<p>\u201cKam b\u00ebr\u00eb kompromise, por jan\u00eb harruar dhe jan\u00eb v\u00ebn\u00eb n\u00eb hije nga insistenca dhe konsistenca ime. N\u00ebse shihni n\u00ebp\u00ebr \u00e7far\u00eb kam kaluar, do t\u00eb shihni se kam b\u00ebr\u00eb shum\u00eb kompromise\u201d, <a href=\"https:\/\/youtu.be\/4CJ6rjRHoOg?t=1777\">pohoi<\/a> ai.<\/p>\n<p>N\u00eb fakt kjo q\u00eb thot\u00eb Kurti \u00ebsht\u00eb e v\u00ebrtet\u00eb, pa\u00e7ka se partia q\u00eb ai udh\u00ebheq\u00eb L\u00ebvizja Vet\u00ebvendosje dhe qeveria, provojn\u00eb vazhdimisht ta mir\u00ebmbajn\u00eb n\u00eb publikun vendor nj\u00eb imazh t\u00eb politikanit t\u00eb pa kompromis p\u00ebr Kurtin.<\/p>\n<p>Por, n\u00ebse shikohen zhvillimet nga ardhja e Kurtit n\u00eb pushtet, at\u00ebher\u00eb jan\u00eb shum\u00eb momente ku Kurti u \u00ebsht\u00eb bindur k\u00ebrkesave t\u00eb per\u00ebndimor\u00ebve.<\/p>\n<p>Nj\u00eb nga t\u00eb parat dhe m\u00eb t\u00eb r\u00ebnd\u00ebsishmet, ishte pajtimi i tij q\u00eb barrikaduesit me maska n\u00eb Veri, q\u00eb kishin bllokuar p\u00ebr shum\u00eb gjat\u00eb rrug\u00ebt n\u00eb at\u00eb pjes\u00eb t\u00eb Kosov\u00ebs t\u00eb mos p\u00ebrndiqen p\u00ebr veprat e tyre, por t\u00eb konsiderohen protestues paq\u00ebsor\u00eb dhe barrikadat q\u00eb bllokuan rrug\u00ebn t\u00eb konsideroheshin mjete paq\u00ebsore t\u00eb protestimit.<\/p>\n<p>Kurti gjithashtu ishte pajtuar q\u00eb t\u00eb mos e zbatoj\u00eb vendimin e marr\u00eb nga vet\u00eb ai paraprakisht, p\u00ebr t\u00eb gjobitur veturat q\u00eb mbanin targa ilegale \u201cKM\u201d t\u00eb prodhuara n\u00eb Serbi.<\/p>\n<p>Ai kishte heq\u00eb dor\u00eb nga ky vendim vet\u00ebm pak or\u00eb para se t\u00eb futej n\u00eb fuqi, derisa n\u00eb nj\u00eb intervist\u00eb p\u00ebr gazet\u00ebn gjermane Frankfurter Allgemeine Zeitung, kishte sqaruar se vendosi k\u00ebshtu pasi ambasadori amerikan, Jeff Hovenier, ia kishte dh\u00ebn\u00eb disa informacione q\u00eb ky nuk i dinte paraprakisht.<\/p>\n<p>Kurti m\u00eb pas kishte b\u00ebr\u00eb kompromis dhe pranuar Marr\u00ebveshjen Bazike n\u00eb Bruksel me 27 shkurt, duke hequr dor\u00eb nga njohja reciproke me Serbin\u00eb.<\/p>\n<p>Ai gjithashtu kishte b\u00ebr\u00eb kompromis duke pranuar q\u00eb serb\u00ebt e Kosov\u00ebs t\u00eb themelojn\u00eb nj\u00eb Asociacion t\u00eb Komunave me Shumic\u00eb Serbe.<\/p>\n<p>Kurti b\u00ebri kompromis po ashtu n\u00eb Aneksin e Ohrit ku pranoi q\u00eb dialogu me Serbin\u00eb t\u00eb b\u00ebhet pjes\u00eb integrale e rrug\u00ebs s\u00eb Kosov\u00ebs drejt BE-s\u00eb.<\/p>\n<p>Kurti vazhdoi me kompromise duke pranuar q\u00eb kompania shtet\u00ebrore serbe t\u00eb faturok\u00eb qytetar\u00ebt e Kosov\u00ebs n\u00eb Veri p\u00ebr energji elektrike.<\/p>\n<p>M\u00eb von\u00eb, p\u00ebrs\u00ebri u b\u00eb kompromis me paktin e Bratislav\u00ebs ku qeveria e Kosov\u00ebs pranoi ta reduktoj\u00eb numrin e forcave policore n\u00eb Veri dhe rreth nd\u00ebrtesave komunale pas zgjedhjeve n\u00eb t\u00eb cilat serb\u00ebt nuk mor\u00ebn pjes\u00eb.<\/p>\n<p>Kompromisi i radh\u00ebs ishte pranimi q\u00eb Marr\u00ebveshja p\u00ebr t\u00eb Zhdukurit me Dhun\u00eb t\u00eb mos thirrej n\u00eb terminologji t\u00eb kodifikuar nga Organizata e Kombeve t\u00eb Bashkuara, por t\u00eb p\u00ebrdoren frazime alternative.<\/p>\n<p>Ai b\u00ebri kompromis s\u00eb fundi edhe me k\u00ebrkes\u00ebn q\u00eb t\u00eb regjistrohet si tok\u00eb e Manastirit t\u00eb De\u00e7anit hap\u00ebsira prej 20 hektar\u00ebsh rreth mureve t\u00eb objektit, vendim q\u00eb e kishte refuzuar kategorikisht.<\/p>\n<p>Kurti pranoi po ashtu k\u00ebrkes\u00ebn e nd\u00ebrkomb\u00ebtar\u00ebve p\u00ebr t\u00eb shtyr\u00eb p\u00ebr tre muaj veprimet nd\u00ebshkuese p\u00ebr ata q\u00eb nuk e respektojn\u00eb vendimin e Bank\u00ebs Qendrore t\u00eb Kosov\u00ebs p\u00ebr dinarin serb, rregullore q\u00eb ndalon shit-blerjen me k\u00ebt\u00eb valut\u00eb n\u00eb republik\u00ebn e Kosov\u00ebs.<\/p>\n<p>M\u00eb pas prap\u00eb b\u00ebri kompromis duke pranuar q\u00eb kjo rregullore e nj\u00eb institucioni t\u00eb pavarur t\u00eb diskutohet n\u00eb Bruksel me Serbin\u00eb.<\/p>\n<p>N\u00eb p\u00ebrgjith\u00ebsi Kurti ka pranuar n\u00eb vazhdim\u00ebsi k\u00ebrkesat nga nd\u00ebrkomb\u00ebtar\u00ebt, por k\u00ebt\u00eb e b\u00ebn pasi paraprakisht jep nj\u00eb kund\u00ebrshtim fillestar, \u00e7ka krijon m\u00eb pas edhe tensione me bashk\u00ebsin\u00eb nd\u00ebrkomb\u00ebtare.<\/p>\n<p>Tensione k\u00ebto q\u00eb kan\u00eb \u00e7uar deri te vendosja e sanksioneve t\u00eb ndryshme nga Bashkimi Evropian dhe masa t\u00eb tjera shtr\u00ebnguese nga Shtetet e Bashkuara t\u00eb Amerik\u00ebs.<\/p>\n<p><strong>Emisioni i plot\u00eb:\u00a0<\/strong><\/p>\n<\/p>\n<p>The post <a rel=\"nofollow\" href=\"https:\/\/albanianpost.com\/kurti-e-pranon-kam-bere-shume-kompromise-me-nderkombetaret\/\">Kurti e pranon: Kam b\u00ebr\u00eb shum\u00eb kompromise me nd\u00ebrkomb\u00ebtar\u00ebt<\/a> appeared first on <a rel=\"nofollow\" href=\"https:\/\/albanianpost.com\/\">Albanian Post<\/a>.<\/p>\n","protected":false},"excerpt":{"rendered":"<p>Kryeministri i Kosov\u00ebs, Albin Kurti, ka deklaruar se ka b\u00ebr\u00eb shum\u00eb kompromise n\u00eb negocimet me nd\u00ebrkomb\u00ebtar\u00ebt dhe Serbin\u00eb, p\u00ebrmes dialogut t\u00eb Brukselit dhe detyrimeve q\u00eb dalin nga marr\u00ebveshjet e arritura atje, derisa ka folur n\u00eb podkastin \u201cThe Rest Is Politics\u201d q\u00eb udh\u00ebhiqet nga gazetari britanik, Alastair Campbell dhe ish-ministri britanik, Rory Stewart. Ishte Stewart q\u00eb [&hellip;]<\/p>\n","protected":false},"author":1,"featured_media":431,"comment_status":"open","ping_status":"open","sticky":false,"template":"","format":"standard","meta":{"footnotes":""},"categories":[1],"tags":[],"class_list":["post-430","post","type-post","status-publish","format-standard","has-post-thumbnail","hentry","category-uncategorized"],"_links":{"self":[{"href":"https:\/\/radiogjilani.com\/index.php\/wp-json\/wp\/v2\/posts\/430","targetHints":{"allow":["GET"]}}],"collection":[{"href":"https:\/\/radiogjilani.com\/index.php\/wp-json\/wp\/v2\/posts"}],"about":[{"href":"https:\/\/radiogjilani.com\/index.php\/wp-json\/wp\/v2\/types\/post"}],"author":[{"embeddable":true,"href":"https:\/\/radiogjilani.com\/index.php\/wp-json\/wp\/v2\/users\/1"}],"replies":[{"embeddable":true,"href":"https:\/\/radiogjilani.com\/index.php\/wp-json\/wp\/v2\/comments?post=430"}],"version-history":[{"count":0,"href":"https:\/\/radiogjilani.com\/index.php\/wp-json\/wp\/v2\/posts\/430\/revisions"}],"wp:featuredmedia":[{"embeddable":true,"href":"https:\/\/radiogjilani.com\/index.php\/wp-json\/wp\/v2\/media\/431"}],"wp:attachment":[{"href":"https:\/\/radiogjilani.com\/index.php\/wp-json\/wp\/v2\/media?parent=430"}],"wp:term":[{"taxonomy":"category","embeddable":true,"href":"https:\/\/radiogjilani.com\/index.php\/wp-json\/wp\/v2\/categories?post=430"},{"taxonomy":"post_tag","embeddable":true,"href":"https:\/\/radiogjilani.com\/index.php\/wp-json\/wp\/v2\/tags?post=430"}],"curies":[{"name":"wp","href":"https:\/\/api.w.org\/{rel}","templated":true}]}}