{"id":4327,"date":"2024-06-03T08:30:42","date_gmt":"2024-06-03T08:30:42","guid":{"rendered":"https:\/\/radiogjilani.com\/index.php\/2024\/06\/03\/totaj-ankohet-per-mungese-perkrahje-komunat-po-diskriminohen-investimet-sjane-as-1-milion-euro\/"},"modified":"2024-06-03T08:30:42","modified_gmt":"2024-06-03T08:30:42","slug":"totaj-ankohet-per-mungese-perkrahje-komunat-po-diskriminohen-investimet-sjane-as-1-milion-euro","status":"publish","type":"post","link":"https:\/\/radiogjilani.com\/index.php\/2024\/06\/03\/totaj-ankohet-per-mungese-perkrahje-komunat-po-diskriminohen-investimet-sjane-as-1-milion-euro\/","title":{"rendered":"Totaj ankohet p\u00ebr munges\u00eb p\u00ebrkrahje: Komunat po diskriminohen, investimet s\u2019jan\u00eb as 1 milion euro"},"content":{"rendered":"<p>Kryetari i Prizrenit, Shaqir Totaj, \u00ebsht\u00eb shprehur i pa k\u00ebnaqur sa i p\u00ebrket mb\u00ebshtetjes nga niveli qendror. Totaj p\u00ebr Ekonomia Online, ka th\u00ebn\u00eb se shuma e investimeve q\u00eb vijn\u00eb nga ministrit\u00eb \u00ebsht\u00eb m\u00eb pak se 1 milion. Krahasuar me qytetin e Shtimes, Totaj ka th\u00ebn\u00eb se komuna q\u00eb ai e drejton ka marr\u00eb m\u00eb pak se 1 milion euro. I pari i Prizrenit e quan jo profesionale dhe diskriminim qasjen karshi&#8230;<\/p>\n<p><a href=\"https:\/\/ekonomiaonline.com\/totaj-ankohet-per-mungese-perkrahje-komunat-po-diskriminohen-investimet-sjane-as-1-milion-euro\/\" rel=\"nofollow\">Source<\/a><\/p>\n","protected":false},"excerpt":{"rendered":"<p>Kryetari i Prizrenit, Shaqir Totaj, \u00ebsht\u00eb shprehur i pa k\u00ebnaqur sa i p\u00ebrket mb\u00ebshtetjes nga niveli qendror. Totaj p\u00ebr Ekonomia Online, ka th\u00ebn\u00eb se shuma e investimeve q\u00eb vijn\u00eb nga ministrit\u00eb \u00ebsht\u00eb m\u00eb pak se 1 milion. Krahasuar me qytetin e Shtimes, Totaj ka th\u00ebn\u00eb se komuna q\u00eb ai e drejton ka marr\u00eb m\u00eb pak [&hellip;]<\/p>\n","protected":false},"author":1,"featured_media":4328,"comment_status":"open","ping_status":"open","sticky":false,"template":"","format":"standard","meta":{"footnotes":""},"categories":[19],"tags":[],"class_list":["post-4327","post","type-post","status-publish","format-standard","has-post-thumbnail","hentry","category-eko"],"_links":{"self":[{"href":"https:\/\/radiogjilani.com\/index.php\/wp-json\/wp\/v2\/posts\/4327","targetHints":{"allow":["GET"]}}],"collection":[{"href":"https:\/\/radiogjilani.com\/index.php\/wp-json\/wp\/v2\/posts"}],"about":[{"href":"https:\/\/radiogjilani.com\/index.php\/wp-json\/wp\/v2\/types\/post"}],"author":[{"embeddable":true,"href":"https:\/\/radiogjilani.com\/index.php\/wp-json\/wp\/v2\/users\/1"}],"replies":[{"embeddable":true,"href":"https:\/\/radiogjilani.com\/index.php\/wp-json\/wp\/v2\/comments?post=4327"}],"version-history":[{"count":0,"href":"https:\/\/radiogjilani.com\/index.php\/wp-json\/wp\/v2\/posts\/4327\/revisions"}],"wp:featuredmedia":[{"embeddable":true,"href":"https:\/\/radiogjilani.com\/index.php\/wp-json\/wp\/v2\/media\/4328"}],"wp:attachment":[{"href":"https:\/\/radiogjilani.com\/index.php\/wp-json\/wp\/v2\/media?parent=4327"}],"wp:term":[{"taxonomy":"category","embeddable":true,"href":"https:\/\/radiogjilani.com\/index.php\/wp-json\/wp\/v2\/categories?post=4327"},{"taxonomy":"post_tag","embeddable":true,"href":"https:\/\/radiogjilani.com\/index.php\/wp-json\/wp\/v2\/tags?post=4327"}],"curies":[{"name":"wp","href":"https:\/\/api.w.org\/{rel}","templated":true}]}}