{"id":4335,"date":"2024-06-03T08:31:36","date_gmt":"2024-06-03T08:31:36","guid":{"rendered":"https:\/\/radiogjilani.com\/index.php\/2024\/06\/03\/rama-paralajmeron-konference-per-transparencen-e-institucioneve\/"},"modified":"2024-06-03T08:31:36","modified_gmt":"2024-06-03T08:31:36","slug":"rama-paralajmeron-konference-per-transparencen-e-institucioneve","status":"publish","type":"post","link":"https:\/\/radiogjilani.com\/index.php\/2024\/06\/03\/rama-paralajmeron-konference-per-transparencen-e-institucioneve\/","title":{"rendered":"Rama paralajm\u00ebron konferenc\u00eb p\u00ebr transparenc\u00ebn e institucioneve"},"content":{"rendered":"<p>Kryeministri shqiptar, Edi Rama, ka paralajm\u00ebruar se ai do t\u00eb th\u00ebrras\u00eb brenda qershorit nj\u00eb konferenc\u00eb t\u00eb jasht\u00ebzakonshme p\u00ebr t\u00eb drejt\u00ebn e informimit, p\u00ebr t\u00eb cil\u00ebn tha se \u00ebsht\u00eb konceptuar si ballafaqim mes fakteve dhe institucioneve.<\/p>\n<p>Kjo, n\u00eb kuad\u00ebr t\u00eb aksesit n\u00eb informacionet publike dhe transparenc\u00ebn q\u00eb institucionet duhet t\u00eb ken\u00eb.<\/p>\n<p>Njoftimin Rama e b\u00ebri gjat\u00eb nj\u00eb konference nd\u00ebrkomb\u00ebtare t\u00eb komisioner\u00ebve t\u00eb informimit, edicioni i 15-\u00eb i t\u00eb cil\u00ebs po mbahet n\u00eb Tiran\u00eb.<\/p>\n<p>\u201cSfida \u00ebsht\u00eb si t\u00eb b\u00ebjm\u00eb q\u00eb t\u00eb rriturit t\u00eb mos i tremben drit\u00ebs e si ti b\u00ebjm\u00eb qeverit\u00eb e institucionet shtet\u00ebrore t\u00eb mos i tremben drit\u00ebs\u201d, tha fillimisht Rama n\u00eb fjal\u00ebn e tij.<\/p>\n<div class=\"ads square\">\n<p><a href=\"https:\/\/track.adform.net\/C\/?bn=73199340;C=0\" target=\"_blank\" rel=\"noopener\"><\/p>\n<p><img loading=\"lazy\" decoding=\"async\" src=\"https:\/\/track.adform.net\/adfserve\/?bn=73199340;srctype=4;ord=%5Btimestamp%5D\" border=\"0\" width=\"300\" height=\"250\" alt=\"\"><\/p>\n<p><\/a><\/p><\/div>\n<p>M\u00eb tej, ai shtoi se e drejta p\u00ebr informim \u00ebsht\u00eb parakusht p\u00ebr sh\u00ebndetin e zhvillimin e demokracive funskionale.<\/p>\n<p>U shpreh po ashtu i k\u00ebnaqur me progresin n\u00eb transperenc\u00eb, teksa argumentoi se mbetet i vet\u00ebdijsh\u00ebm q\u00eb ky p\u00ebrparim thot\u00eb shum\u00eb p\u00ebr at\u00eb prej nga vijm\u00eb dhe tregon se nuk \u00ebsht\u00eb mjaftuesh\u00ebm krahasuar me aty ku duam t\u00eb arrijm\u00eb.<\/p>\n<p>\u201cNdaj shum\u00eb shpejt, n\u00eb fund t\u00eb qershorit do t\u00eb mbajm\u00eb nj\u00eb konferenc\u00eb t\u00eb jasht\u00ebzakonshme p\u00ebr t\u00eb drejt\u00ebn e informimit q\u00eb e kemi konceptuar si ballafaqim mes fakteve dhe institucioneve. Mes asaj q\u00eb shkruhet n\u00eb ligjet tona dhe asaj q\u00eb zbatohet\u201d, pohoi.<\/p>\n<p>Hendeku mes hartimit t\u00eb ligjeve dhe zbatimit, sipas Ram\u00ebs, \u00ebsht\u00eb sfid\u00eb p\u00ebr shum\u00eb prej nesh sepse jemi vende e njer\u00ebz q\u00eb ndajm\u00eb nj\u00eb mend\u00ebsi kur flitet p\u00ebr t\u00eb drejt\u00ebn e informimit.<\/p>\n<p>\u201cNuk jemi suedez\u00eb, jemi t\u00eb vet\u00ebdijsh\u00ebm\u201d, p\u00ebrmbylli ai.<\/p>\n<p>The post <a rel=\"nofollow\" href=\"https:\/\/albanianpost.com\/rama-paralajmeron-konference-per-transparencen-e-institucioneve\/\">Rama paralajm\u00ebron konferenc\u00eb p\u00ebr transparenc\u00ebn e institucioneve<\/a> appeared first on <a rel=\"nofollow\" href=\"https:\/\/albanianpost.com\/\">Albanian Post<\/a>.<\/p>\n","protected":false},"excerpt":{"rendered":"<p>Kryeministri shqiptar, Edi Rama, ka paralajm\u00ebruar se ai do t\u00eb th\u00ebrras\u00eb brenda qershorit nj\u00eb konferenc\u00eb t\u00eb jasht\u00ebzakonshme p\u00ebr t\u00eb drejt\u00ebn e informimit, p\u00ebr t\u00eb cil\u00ebn tha se \u00ebsht\u00eb konceptuar si ballafaqim mes fakteve dhe institucioneve. Kjo, n\u00eb kuad\u00ebr t\u00eb aksesit n\u00eb informacionet publike dhe transparenc\u00ebn q\u00eb institucionet duhet t\u00eb ken\u00eb. Njoftimin Rama e b\u00ebri gjat\u00eb [&hellip;]<\/p>\n","protected":false},"author":1,"featured_media":4336,"comment_status":"open","ping_status":"open","sticky":false,"template":"","format":"standard","meta":{"footnotes":""},"categories":[1],"tags":[],"class_list":["post-4335","post","type-post","status-publish","format-standard","has-post-thumbnail","hentry","category-uncategorized"],"_links":{"self":[{"href":"https:\/\/radiogjilani.com\/index.php\/wp-json\/wp\/v2\/posts\/4335","targetHints":{"allow":["GET"]}}],"collection":[{"href":"https:\/\/radiogjilani.com\/index.php\/wp-json\/wp\/v2\/posts"}],"about":[{"href":"https:\/\/radiogjilani.com\/index.php\/wp-json\/wp\/v2\/types\/post"}],"author":[{"embeddable":true,"href":"https:\/\/radiogjilani.com\/index.php\/wp-json\/wp\/v2\/users\/1"}],"replies":[{"embeddable":true,"href":"https:\/\/radiogjilani.com\/index.php\/wp-json\/wp\/v2\/comments?post=4335"}],"version-history":[{"count":0,"href":"https:\/\/radiogjilani.com\/index.php\/wp-json\/wp\/v2\/posts\/4335\/revisions"}],"wp:featuredmedia":[{"embeddable":true,"href":"https:\/\/radiogjilani.com\/index.php\/wp-json\/wp\/v2\/media\/4336"}],"wp:attachment":[{"href":"https:\/\/radiogjilani.com\/index.php\/wp-json\/wp\/v2\/media?parent=4335"}],"wp:term":[{"taxonomy":"category","embeddable":true,"href":"https:\/\/radiogjilani.com\/index.php\/wp-json\/wp\/v2\/categories?post=4335"},{"taxonomy":"post_tag","embeddable":true,"href":"https:\/\/radiogjilani.com\/index.php\/wp-json\/wp\/v2\/tags?post=4335"}],"curies":[{"name":"wp","href":"https:\/\/api.w.org\/{rel}","templated":true}]}}