{"id":4337,"date":"2024-06-03T08:31:35","date_gmt":"2024-06-03T08:31:35","guid":{"rendered":"https:\/\/radiogjilani.com\/index.php\/2024\/06\/03\/maldivet-do-te-ndalojne-hyrjen-e-izraeliteve-ne-shenje-proteste-per-luften-ne-gaza\/"},"modified":"2024-06-03T08:31:35","modified_gmt":"2024-06-03T08:31:35","slug":"maldivet-do-te-ndalojne-hyrjen-e-izraeliteve-ne-shenje-proteste-per-luften-ne-gaza","status":"publish","type":"post","link":"https:\/\/radiogjilani.com\/index.php\/2024\/06\/03\/maldivet-do-te-ndalojne-hyrjen-e-izraeliteve-ne-shenje-proteste-per-luften-ne-gaza\/","title":{"rendered":"Maldivet do t\u00eb ndalojn\u00eb hyrjen e izraelit\u00ebve n\u00eb shenj\u00eb proteste p\u00ebr luft\u00ebn n\u00eb Gaza"},"content":{"rendered":"<p>Maldivet do t\u00eb ndalojn\u00eb izraelit\u00ebt t\u00eb hyjn\u00eb n\u00eb vend, me zyr\u00ebn e presidentit q\u00eb e b\u00ebn njoftimin pasi zem\u00ebrimi publik n\u00eb kombin me mbizot\u00ebrim mysliman \u00ebsht\u00eb ngritur p\u00ebr luft\u00ebn n\u00eb Gaza.<\/p>\n<p>Presidenti Mohamed Muizzu \u201cka vendosur t\u00eb vendos\u00eb nj\u00eb ndalim p\u00ebr pasaportat izraelite\u201d, ka th\u00ebn\u00eb nj\u00eb z\u00ebdh\u00ebn\u00ebs i zyr\u00ebs s\u00eb tij n\u00eb nj\u00eb deklarat\u00eb, pa dh\u00ebn\u00eb detaje se kur do t\u00eb hyj\u00eb n\u00eb fuqi ligji i ri.<\/p>\n<p>Si p\u00ebrgjigje, ministria e Jashtme e Izraelit rekomandoi q\u00eb qytetar\u00ebt izraelit\u00eb t\u00eb mos udh\u00ebtojn\u00eb n\u00eb Maldive.<\/p>\n<p>Rekomandimi, sipas ministris\u00eb izraelite, p\u00ebrfshinte edhe izraelit\u00eb me shtet\u00ebsi t\u00eb dyfisht\u00eb.<\/p>\n<div class=\"ads square\">\n<p><a href=\"https:\/\/track.adform.net\/C\/?bn=73199340;C=0\" target=\"_blank\" rel=\"noopener\"><\/p>\n<p><img loading=\"lazy\" decoding=\"async\" src=\"https:\/\/track.adform.net\/adfserve\/?bn=73199340;srctype=4;ord=%5Btimestamp%5D\" border=\"0\" width=\"300\" height=\"250\" alt=\"\"><\/p>\n<p><\/a><\/p><\/div>\n<p>\u201cP\u00ebr qytetar\u00ebt izraelit\u00eb q\u00eb tashm\u00eb jan\u00eb n\u00eb vend, rekomandohet t\u00eb konsiderojn\u00eb largimin, sepse n\u00ebse e gjejn\u00eb veten n\u00eb ankth p\u00ebr ndonj\u00eb arsye, do t\u00eb jet\u00eb e v\u00ebshtir\u00eb p\u00ebr ne q\u00eb t\u00eb ndihmojm\u00eb\u201d, ka deklaruar ministria.<\/p>\n<p>Partit\u00eb opozitare dhe aleat\u00ebt e qeveris\u00eb n\u00eb Maldive kan\u00eb ushtruar presion mbi Muizzu p\u00ebr t\u00eb ndaluar izraelit\u00ebt, si shenj\u00eb proteste kund\u00ebr luft\u00ebs s\u00eb Gaz\u00ebs.<\/p>\n<p>Zyra e presidentit ka b\u00ebr\u00eb me dije se kabineti vendosi t\u00eb ndryshoj\u00eb ligjet p\u00ebr t\u00eb parandaluar hyrjen e mbajt\u00ebsve t\u00eb pasaportave izraelite n\u00eb vend dhe p\u00ebr t\u00eb krijuar nj\u00eb n\u00ebnkomision p\u00ebr t\u00eb mbik\u00ebqyrur procesin.<\/p>\n<p>Muizzu ka njoftuar gjithashtu nj\u00eb fushat\u00eb komb\u00ebtare p\u00ebr mbledhjen e fondeve t\u00eb quajtur \u201cMaldivian\u00ebt n\u00eb Solidaritet me Palestin\u00ebn\u201d.<\/p>\n<p>Maldivet kishin hequr nj\u00eb ndalim t\u00eb m\u00ebparsh\u00ebm p\u00ebr turist\u00ebt izraelit\u00eb n\u00eb fillim t\u00eb viteve 1990 dhe u zhvendos\u00ebn p\u00ebr t\u00eb rivendosur marr\u00ebdh\u00ebniet n\u00eb vitin 2010.<\/p>\n<p>Megjithat\u00eb, p\u00ebrpjekjet p\u00ebr normalizim u shkat\u00ebrruan pas p\u00ebrmbysjes s\u00eb presidentit t\u00eb at\u00ebhersh\u00ebm Mohamed Nasheed n\u00eb shkurt 2012.<\/p>\n<p>Maldivet jan\u00eb nj\u00eb republik\u00eb e vog\u00ebl islamike me m\u00eb shum\u00eb se 1 mij\u00eb ishuj koral\u00eb t\u00eb vendosur n\u00eb m\u00ebnyr\u00eb strategjike, t\u00eb njohura p\u00ebr plazhet e izoluara me r\u00ebr\u00eb t\u00eb bardh\u00eb, lagunat e cek\u00ebta bruz dhe arratisjet e stilit Robinson Crusoe.<\/p>\n<p>T\u00eb dh\u00ebnat zyrtare treguan se numri i izraelit\u00ebve q\u00eb vizituan Maldivet ra n\u00eb 528 n\u00eb kat\u00ebr muajt e par\u00eb t\u00eb k\u00ebtij viti, 88 p\u00ebr qind m\u00eb pak krahasuar me t\u00eb nj\u00ebjt\u00ebn periudh\u00eb t\u00eb vitit t\u00eb kaluar.<\/p>\n<p>Gati 11 mij\u00eb izraelit\u00eb vizituan Maldivet n\u00eb vitin 2023, q\u00eb ishte 0.6 p\u00ebr qind e totalit t\u00eb mb\u00ebrritjeve t\u00eb turist\u00ebve.<\/p>\n<p>The post <a rel=\"nofollow\" href=\"https:\/\/albanianpost.com\/maldivet-do-te-ndalojne-hyrjen-e-izraeliteve-ne-shenje-proteste-per-luften-ne-gaza\/\">Maldivet do t\u00eb ndalojn\u00eb hyrjen e izraelit\u00ebve n\u00eb shenj\u00eb proteste p\u00ebr luft\u00ebn n\u00eb Gaza<\/a> appeared first on <a rel=\"nofollow\" href=\"https:\/\/albanianpost.com\/\">Albanian Post<\/a>.<\/p>\n","protected":false},"excerpt":{"rendered":"<p>Maldivet do t\u00eb ndalojn\u00eb izraelit\u00ebt t\u00eb hyjn\u00eb n\u00eb vend, me zyr\u00ebn e presidentit q\u00eb e b\u00ebn njoftimin pasi zem\u00ebrimi publik n\u00eb kombin me mbizot\u00ebrim mysliman \u00ebsht\u00eb ngritur p\u00ebr luft\u00ebn n\u00eb Gaza. Presidenti Mohamed Muizzu \u201cka vendosur t\u00eb vendos\u00eb nj\u00eb ndalim p\u00ebr pasaportat izraelite\u201d, ka th\u00ebn\u00eb nj\u00eb z\u00ebdh\u00ebn\u00ebs i zyr\u00ebs s\u00eb tij n\u00eb nj\u00eb deklarat\u00eb, pa [&hellip;]<\/p>\n","protected":false},"author":1,"featured_media":4338,"comment_status":"open","ping_status":"open","sticky":false,"template":"","format":"standard","meta":{"footnotes":""},"categories":[1],"tags":[],"class_list":["post-4337","post","type-post","status-publish","format-standard","has-post-thumbnail","hentry","category-uncategorized"],"_links":{"self":[{"href":"https:\/\/radiogjilani.com\/index.php\/wp-json\/wp\/v2\/posts\/4337","targetHints":{"allow":["GET"]}}],"collection":[{"href":"https:\/\/radiogjilani.com\/index.php\/wp-json\/wp\/v2\/posts"}],"about":[{"href":"https:\/\/radiogjilani.com\/index.php\/wp-json\/wp\/v2\/types\/post"}],"author":[{"embeddable":true,"href":"https:\/\/radiogjilani.com\/index.php\/wp-json\/wp\/v2\/users\/1"}],"replies":[{"embeddable":true,"href":"https:\/\/radiogjilani.com\/index.php\/wp-json\/wp\/v2\/comments?post=4337"}],"version-history":[{"count":0,"href":"https:\/\/radiogjilani.com\/index.php\/wp-json\/wp\/v2\/posts\/4337\/revisions"}],"wp:featuredmedia":[{"embeddable":true,"href":"https:\/\/radiogjilani.com\/index.php\/wp-json\/wp\/v2\/media\/4338"}],"wp:attachment":[{"href":"https:\/\/radiogjilani.com\/index.php\/wp-json\/wp\/v2\/media?parent=4337"}],"wp:term":[{"taxonomy":"category","embeddable":true,"href":"https:\/\/radiogjilani.com\/index.php\/wp-json\/wp\/v2\/categories?post=4337"},{"taxonomy":"post_tag","embeddable":true,"href":"https:\/\/radiogjilani.com\/index.php\/wp-json\/wp\/v2\/tags?post=4337"}],"curies":[{"name":"wp","href":"https:\/\/api.w.org\/{rel}","templated":true}]}}