{"id":434,"date":"2024-04-01T13:56:47","date_gmt":"2024-04-01T13:56:47","guid":{"rendered":"https:\/\/radiogjilani.com\/index.php\/2024\/04\/01\/laura-pausini-sjell-retrospektive-30-vjecare-te-karrieres-i-bashkengjitet-ne-skene-edhe-luis-fonsi\/"},"modified":"2024-04-01T13:56:47","modified_gmt":"2024-04-01T13:56:47","slug":"laura-pausini-sjell-retrospektive-30-vjecare-te-karrieres-i-bashkengjitet-ne-skene-edhe-luis-fonsi","status":"publish","type":"post","link":"https:\/\/radiogjilani.com\/index.php\/2024\/04\/01\/laura-pausini-sjell-retrospektive-30-vjecare-te-karrieres-i-bashkengjitet-ne-skene-edhe-luis-fonsi\/","title":{"rendered":"Laura Pausini sjell retrospektiv\u00eb 30-vje\u00e7are t\u00eb karrier\u00ebs, i bashk\u00ebngjitet n\u00eb sken\u00eb edhe Luis Fonsi"},"content":{"rendered":"<p>Artistja italiane Laura Pausini ka pasur s\u00eb fundmi nj\u00eb koncert t\u00eb ve\u00e7ant\u00eb n\u00eb Miami n\u00eb kuad\u00ebr t\u00eb turneut t\u00eb saj bot\u00ebror, derisa ka dh\u00ebn\u00eb nj\u00eb retrospektiv\u00eb t\u00eb k\u00ebng\u00ebve q\u00eb festuan karrier\u00ebn e saj 30-vje\u00e7are.<\/p>\n<p>Superylli italian, e cila performon n\u00eb tre gjuh\u00eb (anglisht, spanjisht dhe italisht), nisi udh\u00ebtimin e saj n\u00eb vendin e saj t\u00eb lindjes dhjetorin e kaluar dhe do t\u00eb p\u00ebrfundoj\u00eb turneun m\u00eb 6 prill n\u00eb Nju Jork, shkruan Billboard, transmeton AlbanianPost.<\/p>\n<p>Gjithsesi, n\u00eb Miami Pausini mb\u00ebrriti n\u00eb sken\u00eb e veshur me nj\u00eb kostum t\u00eb zi t\u00eb pantallonave t\u00eb veshura me nj\u00eb pallto me tegela. E veshur gjithashtu me nj\u00eb kravat\u00eb dhe doreza n\u00eb ngjyr\u00eb koral, ajo filloi koncertin e saj me \u201cEl Primer Paso en la Luna\u201d, pjes\u00eb e albumit t\u00eb saj t\u00eb vitit 2023 \u201cAlmas Paralelas\u201d.<\/p>\n<p>M\u00eb pas ajo performoi k\u00ebng\u00eb t\u00eb tjera jasht\u00eb albumit t\u00eb ri, duke p\u00ebrfshir\u00eb \u201cDurar\u201d, \u201cUn Buen Inicio\u201d dhe \u201cTodas Las Veces\u201d, p\u00ebrpara se t\u00eb p\u00ebrsh\u00ebndetej n\u00eb vendin e mbushur plot, kryesisht me njer\u00ebz mbi t\u00eb 30-at e tyre.<\/p>\n<p>\u201cSonte ne jemi k\u00ebtu p\u00ebr t\u00eb par\u00eb 30 vitet e karrier\u00ebs sime. Kjo \u00ebsht\u00eb nj\u00eb p\u00ebrmbledhje e k\u00ebng\u00ebve dhe momenteve m\u00eb dometh\u00ebn\u00ebse q\u00eb kam p\u00ebrjetuar me ju pran\u00eb. Un\u00eb do t\u00eb ndaj video q\u00eb tregoj\u00eb se si \u00ebsht\u00eb t\u00eb jetosh brenda nj\u00eb \u00ebndrre\u201d, tha ajo pran\u00eb publikut.<\/p>\n<p>Menj\u00ebher\u00eb pas k\u00ebsaj, Pausini performoi nj\u00eb p\u00ebrzierje me \u201ck\u00ebng\u00ebt m\u00eb personale t\u00eb gjith\u00eb karrier\u00ebs s\u00eb saj\u201d.<\/p>\n<p>E ulur pran\u00eb nj\u00eb piano, ajo shpjegoi se n\u00eb vitin 2010 ajo pauzoi nga muzika p\u00ebr t\u2019u b\u00ebr\u00eb n\u00ebn\u00eb.<\/p>\n<p>Tutje, ajo vuri n\u00eb dukje sfidat me t\u00eb cilat u p\u00ebrball kur nj\u00eb grua n\u00eb at\u00eb koh\u00eb 35-vje\u00e7e u p\u00ebrpoq t\u00eb mbetej shtatz\u00ebn\u00eb dhe kujtoi se kishte shkruar nj\u00eb k\u00ebng\u00eb p\u00ebr t\u00eb fituar forc\u00eb.<\/p>\n<p>M\u00eb von\u00eb, gjat\u00eb nj\u00eb prej turneve t\u00eb saj, ajo zbuloi se ve\u00e7se po priste nj\u00eb f\u00ebmij\u00eb.<\/p>\n<p>Pausini ndau gjithashtu nj\u00eb video t\u00eb dit\u00ebs kur mori propozimin nga i dashuri saj prej koh\u00ebsh, kitaristi Paolo Carta. \u00c7ifti u martua n\u00eb vitin 2023, pasi ishin n\u00eb lidhje p\u00ebr 18 vjet dhe kishin vajz\u00ebn e tyre.<\/p>\n<p>N\u00eb mes t\u00eb tregimit t\u00eb saj bind\u00ebs, ajo luajti n\u00eb piano dhe interpretoi k\u00ebng\u00ebt e p\u00ebrzem\u00ebrta \u201cAse Celeste\u201d,<\/p>\n<p>Gjat\u00eb gjith\u00eb koncertit, Pausini \u2013 e cila ishte personi i vitit 2023 i Akademis\u00eb Latine Record \u2013 performoi hite t\u00eb tjera, duke p\u00ebrfshir\u00eb \u201cIo si (Seen)\u201d nga filmi \u201cThe Life Ahead\u201d, i cili mori \u201cGolden Globe 2021\u201d p\u00ebr k\u00ebng\u00ebn m\u00eb t\u00eb mir\u00eb origjinale, \u201cEn Cambio No, \u201cV\u00edveme\u201d dhe \u201cAmores Extranos\u201d.<\/p>\n<p>Surpriza m\u00eb e madhe e nat\u00ebs, megjithat\u00eb, ishte kur Luis Fonsi iu bashkua artistes n\u00eb sken\u00eb p\u00ebr nj\u00eb version t\u00eb fuqish\u00ebm t\u00eb duetit t\u00eb \u201cInolvidable\u201d, t\u00eb cilin ata e improvizuan plot\u00ebsisht p\u00ebrpara se Pausini t\u00eb p\u00ebrfundonte shfaqjen e saj me \u201cSe Fue\u201d, hiti i vitit 1994 q\u00eb e vendosi at\u00eb p\u00ebrfundimisht n\u00eb piedestal.<\/p>\n<\/p>\n<p>\u00a0<\/p>\n<p>The post <a rel=\"nofollow\" href=\"https:\/\/albanianpost.com\/laura-pausini-sjell-retrospektive-30-vjecare-te-karrieres-i-bashkengjitet-ne-skene-edhe-luis-fonsi\/\">Laura Pausini sjell retrospektiv\u00eb 30-vje\u00e7are t\u00eb karrier\u00ebs, i bashk\u00ebngjitet n\u00eb sken\u00eb edhe Luis Fonsi<\/a> appeared first on <a rel=\"nofollow\" href=\"https:\/\/albanianpost.com\/\">Albanian Post<\/a>.<\/p>\n","protected":false},"excerpt":{"rendered":"<p>Artistja italiane Laura Pausini ka pasur s\u00eb fundmi nj\u00eb koncert t\u00eb ve\u00e7ant\u00eb n\u00eb Miami n\u00eb kuad\u00ebr t\u00eb turneut t\u00eb saj bot\u00ebror, derisa ka dh\u00ebn\u00eb nj\u00eb retrospektiv\u00eb t\u00eb k\u00ebng\u00ebve q\u00eb festuan karrier\u00ebn e saj 30-vje\u00e7are. Superylli italian, e cila performon n\u00eb tre gjuh\u00eb (anglisht, spanjisht dhe italisht), nisi udh\u00ebtimin e saj n\u00eb vendin e saj t\u00eb [&hellip;]<\/p>\n","protected":false},"author":1,"featured_media":435,"comment_status":"open","ping_status":"open","sticky":false,"template":"","format":"standard","meta":{"footnotes":""},"categories":[1],"tags":[],"class_list":["post-434","post","type-post","status-publish","format-standard","has-post-thumbnail","hentry","category-uncategorized"],"_links":{"self":[{"href":"https:\/\/radiogjilani.com\/index.php\/wp-json\/wp\/v2\/posts\/434","targetHints":{"allow":["GET"]}}],"collection":[{"href":"https:\/\/radiogjilani.com\/index.php\/wp-json\/wp\/v2\/posts"}],"about":[{"href":"https:\/\/radiogjilani.com\/index.php\/wp-json\/wp\/v2\/types\/post"}],"author":[{"embeddable":true,"href":"https:\/\/radiogjilani.com\/index.php\/wp-json\/wp\/v2\/users\/1"}],"replies":[{"embeddable":true,"href":"https:\/\/radiogjilani.com\/index.php\/wp-json\/wp\/v2\/comments?post=434"}],"version-history":[{"count":0,"href":"https:\/\/radiogjilani.com\/index.php\/wp-json\/wp\/v2\/posts\/434\/revisions"}],"wp:featuredmedia":[{"embeddable":true,"href":"https:\/\/radiogjilani.com\/index.php\/wp-json\/wp\/v2\/media\/435"}],"wp:attachment":[{"href":"https:\/\/radiogjilani.com\/index.php\/wp-json\/wp\/v2\/media?parent=434"}],"wp:term":[{"taxonomy":"category","embeddable":true,"href":"https:\/\/radiogjilani.com\/index.php\/wp-json\/wp\/v2\/categories?post=434"},{"taxonomy":"post_tag","embeddable":true,"href":"https:\/\/radiogjilani.com\/index.php\/wp-json\/wp\/v2\/tags?post=434"}],"curies":[{"name":"wp","href":"https:\/\/api.w.org\/{rel}","templated":true}]}}