{"id":4343,"date":"2024-06-03T08:31:32","date_gmt":"2024-06-03T08:31:32","guid":{"rendered":"https:\/\/radiogjilani.com\/index.php\/2024\/06\/03\/arrestohet-per-trafik-narkotikesh-28-vjecari-ne-lezhe-do-te-ekstradohet-drejt-spanjes\/"},"modified":"2024-06-03T08:31:32","modified_gmt":"2024-06-03T08:31:32","slug":"arrestohet-per-trafik-narkotikesh-28-vjecari-ne-lezhe-do-te-ekstradohet-drejt-spanjes","status":"publish","type":"post","link":"https:\/\/radiogjilani.com\/index.php\/2024\/06\/03\/arrestohet-per-trafik-narkotikesh-28-vjecari-ne-lezhe-do-te-ekstradohet-drejt-spanjes\/","title":{"rendered":"Arrestohet p\u00ebr trafik narkotik\u00ebsh 28-vje\u00e7ari n\u00eb Lezh\u00eb, do t\u00eb ekstradohet drejt Spanj\u00ebs"},"content":{"rendered":"<p>Nj\u00eb shtetas 28-vje\u00e7ar \u00ebsht\u00eb arrestuar me q\u00ebllim ekstradimin drejt Spanj\u00ebs, ku akuzohet nga autoritetet p\u00ebr trafik l\u00ebnd\u00ebsh narkotike.<\/p>\n<p>N\u00eb kuad\u00ebr t\u00eb megaoperacionit \u201cSundimi i ligjit\u201d dhe si rezultat i informacioneve t\u00eb siguruara nga inteligjenca policore, Drejtoria e Forc\u00ebs s\u00eb Posa\u00e7me Operacionale, gjat\u00eb operacionit policor t\u00eb koduar \u201cOperacionalja 8\u201d, kapi n\u00eb Sh\u00ebnkoll dhe arrestoi provizorisht, me q\u00ebllim ekstradimin n\u00eb Spanj\u00eb, shtetasin shqiptar, t\u00eb shpallur n\u00eb k\u00ebrkim nd\u00ebrkomb\u00ebtar Kristo Biba, 28 vje\u00e7, i lindur n\u00eb fshatin Domgjon, Lezh\u00eb.<\/p>\n<p>Gjykata e Tarragon\u00ebs, Spanj\u00eb, me vendimin e dat\u00ebs 28.05.2024, i ka caktuar k\u00ebtij shtetasi, mas\u00ebn e siguris\u00eb \u201cArrest n\u00eb burg\u201d, p\u00ebr vepr\u00ebn penale \u201cTrafikimi i l\u00ebnd\u00ebve narkotike\u201d, parashikuar nga Kodi Penal i Spanj\u00ebs.<\/p>\n<p>Interpol Tirana dhe Interpol Madrid po bashk\u00ebpunojn\u00eb p\u00ebr t\u00eb kryer ekstradimin e k\u00ebtij shtetasi.<\/p>\n<div class=\"ads square\">\n<p><a href=\"https:\/\/track.adform.net\/C\/?bn=73199340;C=0\" target=\"_blank\" rel=\"noopener\"><\/p>\n<p><img loading=\"lazy\" decoding=\"async\" src=\"https:\/\/track.adform.net\/adfserve\/?bn=73199340;srctype=4;ord=%5Btimestamp%5D\" border=\"0\" width=\"300\" height=\"250\" alt=\"\"><\/p>\n<p><\/a><\/p><\/div>\n<p>The post <a rel=\"nofollow\" href=\"https:\/\/albanianpost.com\/arrestohet-per-trafik-narkotikesh-28-vjecari-ne-lezhe-do-te-ekstradohet-drejt-spanjes\/\">Arrestohet p\u00ebr trafik narkotik\u00ebsh 28-vje\u00e7ari n\u00eb Lezh\u00eb, do t\u00eb ekstradohet drejt Spanj\u00ebs<\/a> appeared first on <a rel=\"nofollow\" href=\"https:\/\/albanianpost.com\/\">Albanian Post<\/a>.<\/p>\n","protected":false},"excerpt":{"rendered":"<p>Nj\u00eb shtetas 28-vje\u00e7ar \u00ebsht\u00eb arrestuar me q\u00ebllim ekstradimin drejt Spanj\u00ebs, ku akuzohet nga autoritetet p\u00ebr trafik l\u00ebnd\u00ebsh narkotike. N\u00eb kuad\u00ebr t\u00eb megaoperacionit \u201cSundimi i ligjit\u201d dhe si rezultat i informacioneve t\u00eb siguruara nga inteligjenca policore, Drejtoria e Forc\u00ebs s\u00eb Posa\u00e7me Operacionale, gjat\u00eb operacionit policor t\u00eb koduar \u201cOperacionalja 8\u201d, kapi n\u00eb Sh\u00ebnkoll dhe arrestoi provizorisht, me [&hellip;]<\/p>\n","protected":false},"author":1,"featured_media":4344,"comment_status":"open","ping_status":"open","sticky":false,"template":"","format":"standard","meta":{"footnotes":""},"categories":[1],"tags":[],"class_list":["post-4343","post","type-post","status-publish","format-standard","has-post-thumbnail","hentry","category-uncategorized"],"_links":{"self":[{"href":"https:\/\/radiogjilani.com\/index.php\/wp-json\/wp\/v2\/posts\/4343","targetHints":{"allow":["GET"]}}],"collection":[{"href":"https:\/\/radiogjilani.com\/index.php\/wp-json\/wp\/v2\/posts"}],"about":[{"href":"https:\/\/radiogjilani.com\/index.php\/wp-json\/wp\/v2\/types\/post"}],"author":[{"embeddable":true,"href":"https:\/\/radiogjilani.com\/index.php\/wp-json\/wp\/v2\/users\/1"}],"replies":[{"embeddable":true,"href":"https:\/\/radiogjilani.com\/index.php\/wp-json\/wp\/v2\/comments?post=4343"}],"version-history":[{"count":0,"href":"https:\/\/radiogjilani.com\/index.php\/wp-json\/wp\/v2\/posts\/4343\/revisions"}],"wp:featuredmedia":[{"embeddable":true,"href":"https:\/\/radiogjilani.com\/index.php\/wp-json\/wp\/v2\/media\/4344"}],"wp:attachment":[{"href":"https:\/\/radiogjilani.com\/index.php\/wp-json\/wp\/v2\/media?parent=4343"}],"wp:term":[{"taxonomy":"category","embeddable":true,"href":"https:\/\/radiogjilani.com\/index.php\/wp-json\/wp\/v2\/categories?post=4343"},{"taxonomy":"post_tag","embeddable":true,"href":"https:\/\/radiogjilani.com\/index.php\/wp-json\/wp\/v2\/tags?post=4343"}],"curies":[{"name":"wp","href":"https:\/\/api.w.org\/{rel}","templated":true}]}}