{"id":4345,"date":"2024-06-03T08:31:31","date_gmt":"2024-06-03T08:31:31","guid":{"rendered":"https:\/\/radiogjilani.com\/index.php\/2024\/06\/03\/mbreti-charles-dhe-david-beckham-me-bashkepunim-te-ri-zbulohen-detajet\/"},"modified":"2024-06-03T08:31:31","modified_gmt":"2024-06-03T08:31:31","slug":"mbreti-charles-dhe-david-beckham-me-bashkepunim-te-ri-zbulohen-detajet","status":"publish","type":"post","link":"https:\/\/radiogjilani.com\/index.php\/2024\/06\/03\/mbreti-charles-dhe-david-beckham-me-bashkepunim-te-ri-zbulohen-detajet\/","title":{"rendered":"Mbreti Charles dhe David Beckham me bashk\u00ebpunim t\u00eb ri \u2013 zbulohen detajet"},"content":{"rendered":"<p>Ish futbollisti, David Beckham po merr nj\u00eb rol t\u00eb ri mbret\u00ebror n\u00eb bashk\u00ebpunim me Mbretin Charles.<\/p>\n<p>M\u00eb 1 qershor, \u201cThe King\u2019s Foundation\u201d njoftoi se Beckham, 49 vje\u00e7, ka n\u00ebnshkruar kontrat\u00ebn e bashk\u00ebpunimit n\u00eb cil\u00ebsin\u00eb e ambasadorit.<\/p>\n<p>Charles, 75 vje\u00e7, themeloi organizat\u00ebn e bamir\u00ebsis\u00eb si Princi i Uellsit n\u00eb vitin 1990 p\u00ebr t\u00eb krijuar komunitete t\u00eb p\u00ebrmir\u00ebsuara ku njer\u00ebzit, vendet dhe planeti mund t\u00eb kombinohen n\u00eb m\u00ebnyr\u00eb harmonike.<\/p>\n<p>Muajin e kaluar, ish-kapiteni i futbollit t\u00eb Anglis\u00eb b\u00ebri nj\u00eb vizit\u00eb n\u00eb Kopshtet Highgrove t\u00eb Mbretit Charles n\u00eb Gloucestershire p\u00ebr t\u00eb takuar monarkun dhe p\u00ebr t\u00eb m\u00ebsuar m\u00eb shum\u00eb rreth organizat\u00ebs e p\u00ebr t\u00eb par\u00eb disa nga programet edukative t\u00eb bamir\u00ebsis\u00eb n\u00eb seminaret n\u00eb vend.<\/p>\n<div class=\"ads square\">\n<p><a href=\"https:\/\/track.adform.net\/C\/?bn=73199340;C=0\" target=\"_blank\" rel=\"noopener\"><\/p>\n<p><img loading=\"lazy\" decoding=\"async\" src=\"https:\/\/track.adform.net\/adfserve\/?bn=73199340;srctype=4;ord=%5Btimestamp%5D\" border=\"0\" width=\"300\" height=\"250\" alt=\"\"><\/p>\n<p><\/a><\/p><\/div>\n<p>Fondacioni i Mbretit ofron kurse arsimore p\u00ebr rreth 15 mij\u00eb student\u00eb \u00e7do vit, plus programe sh\u00ebndet\u00ebsore dhe mir\u00ebqenie p\u00ebr 2 mij\u00eb njer\u00ebz t\u00eb tjer\u00eb n\u00eb vit.<\/p>\n<p>Nisma t\u00eb tjera p\u00ebrfshijn\u00eb projekte rigjenerimi n\u00eb t\u00eb gjith\u00eb Mbret\u00ebrin\u00eb e Bashkuar dhe jasht\u00eb saj p\u00ebr t\u00eb rigjall\u00ebruar komunitetet dhe nd\u00ebrtesat historike.<\/p>\n<p>\u201cJam i emocionuar q\u00eb do t\u00eb punoj me Fondacionin e Mbretit dhe q\u00eb kam mund\u00ebsin\u00eb t\u00eb ndihmoj n\u00eb rritjen e nd\u00ebrgjegj\u00ebsimit p\u00ebr pun\u00ebn e bamir\u00ebsis\u00eb. Gjithmon\u00eb kam qen\u00eb i prirur t\u00eb ndihmoj t\u00eb rinjt\u00eb q\u00eb t\u00eb zgjerojn\u00eb horizontet e tyre dhe mezi pres t\u00eb mb\u00ebshtes Programet arsimore t\u00eb Fondacionit dhe p\u00ebrpjekjet e tij p\u00ebr t\u00eb siguruar q\u00eb t\u00eb rinjt\u00eb t\u00eb ken\u00eb akses m\u00eb t\u00eb madh n\u00eb natyr\u00eb\u201d, tha Beckham n\u00eb nj\u00eb deklarat\u00eb.<\/p>\n<p>Beckham m\u00eb par\u00eb mb\u00ebshteti nj\u00eb tjet\u00ebr fushat\u00eb t\u00eb madhe me lidhjet mbret\u00ebrore kur u prezantua n\u00eb Ceremonin\u00eb e \u00c7mimeve \u201cEarthshot\u201d n\u00eb Boston n\u00eb dhjetor t\u00eb vitit 2022 p\u00ebr \u00e7mimin prestigjioz mjedisor t\u00eb vendosur nga Princi William.<\/p>\n<p>The Times ishte e para q\u00eb raportoi se Mbreti dhe Beckham u takuan rreth fondacionit n\u00eb maj.<\/p>\n<p>Takimi thuhet se u b\u00eb disa dit\u00eb pas udh\u00ebtimit t\u00eb shpejt\u00eb t\u00eb Princit Harry n\u00eb MB p\u00ebr sh\u00ebrbimin e 10-vjetorit t\u00eb Loj\u00ebrave Invictus.<\/p>\n<p>Nj\u00eb z\u00ebdh\u00ebn\u00ebs i Duk\u00ebs s\u00eb Sussex, kishte konfirmuar m\u00eb par\u00eb se ai nuk do t\u00eb takohej me baban\u00eb e tij p\u00ebr shkak t\u00eb orarit \u201ct\u00eb plot\u00eb\u201d t\u00eb monarkut.<\/p>\n<p>Beckham mori OBE-n\u00eb e tij nga Mbret\u00ebresha Elizabeth p\u00ebr sh\u00ebrbimet ndaj futbollit n\u00eb vitin 2003 dhe e ka njohur familjen mbret\u00ebrore prej vitesh, pasi kishte marr\u00eb pjes\u00eb n\u00eb dasmat mbret\u00ebrore t\u00eb Princit William dhe Kate Middleton n\u00eb vitin 2011 dhe Princit Harry dhe Meghan Markle n\u00eb vitin 2018 me gruan e tij, Victoria. Beckham.<\/p>\n<p>Ashtu si shum\u00eb britanik\u00eb, Beckham q\u00ebndroi n\u00eb radh\u00eb p\u00ebr 12 or\u00eb n\u00eb Lond\u00ebr p\u00ebr t\u00eb nderuar mbret\u00ebresh\u00ebn e ndjer\u00eb Elizabeth kur arkivoli i saj u vendos n\u00eb shtet n\u00eb Westminster Hall pas vdekjes s\u00eb saj n\u00eb shtator t\u00eb vitit 2022.<\/p>\n<p>The post <a rel=\"nofollow\" href=\"https:\/\/albanianpost.com\/mbreti-charles-dhe-david-beckham-me-bashkepunim-te-ri-zbulohen-detajet\/\">Mbreti Charles dhe David Beckham me bashk\u00ebpunim t\u00eb ri \u2013 zbulohen detajet<\/a> appeared first on <a rel=\"nofollow\" href=\"https:\/\/albanianpost.com\/\">Albanian Post<\/a>.<\/p>\n","protected":false},"excerpt":{"rendered":"<p>Ish futbollisti, David Beckham po merr nj\u00eb rol t\u00eb ri mbret\u00ebror n\u00eb bashk\u00ebpunim me Mbretin Charles. M\u00eb 1 qershor, \u201cThe King\u2019s Foundation\u201d njoftoi se Beckham, 49 vje\u00e7, ka n\u00ebnshkruar kontrat\u00ebn e bashk\u00ebpunimit n\u00eb cil\u00ebsin\u00eb e ambasadorit. Charles, 75 vje\u00e7, themeloi organizat\u00ebn e bamir\u00ebsis\u00eb si Princi i Uellsit n\u00eb vitin 1990 p\u00ebr t\u00eb krijuar komunitete t\u00eb [&hellip;]<\/p>\n","protected":false},"author":1,"featured_media":4346,"comment_status":"open","ping_status":"open","sticky":false,"template":"","format":"standard","meta":{"footnotes":""},"categories":[1],"tags":[],"class_list":["post-4345","post","type-post","status-publish","format-standard","has-post-thumbnail","hentry","category-uncategorized"],"_links":{"self":[{"href":"https:\/\/radiogjilani.com\/index.php\/wp-json\/wp\/v2\/posts\/4345","targetHints":{"allow":["GET"]}}],"collection":[{"href":"https:\/\/radiogjilani.com\/index.php\/wp-json\/wp\/v2\/posts"}],"about":[{"href":"https:\/\/radiogjilani.com\/index.php\/wp-json\/wp\/v2\/types\/post"}],"author":[{"embeddable":true,"href":"https:\/\/radiogjilani.com\/index.php\/wp-json\/wp\/v2\/users\/1"}],"replies":[{"embeddable":true,"href":"https:\/\/radiogjilani.com\/index.php\/wp-json\/wp\/v2\/comments?post=4345"}],"version-history":[{"count":0,"href":"https:\/\/radiogjilani.com\/index.php\/wp-json\/wp\/v2\/posts\/4345\/revisions"}],"wp:featuredmedia":[{"embeddable":true,"href":"https:\/\/radiogjilani.com\/index.php\/wp-json\/wp\/v2\/media\/4346"}],"wp:attachment":[{"href":"https:\/\/radiogjilani.com\/index.php\/wp-json\/wp\/v2\/media?parent=4345"}],"wp:term":[{"taxonomy":"category","embeddable":true,"href":"https:\/\/radiogjilani.com\/index.php\/wp-json\/wp\/v2\/categories?post=4345"},{"taxonomy":"post_tag","embeddable":true,"href":"https:\/\/radiogjilani.com\/index.php\/wp-json\/wp\/v2\/tags?post=4345"}],"curies":[{"name":"wp","href":"https:\/\/api.w.org\/{rel}","templated":true}]}}