{"id":436,"date":"2024-04-01T13:56:46","date_gmt":"2024-04-01T13:56:46","guid":{"rendered":"https:\/\/radiogjilani.com\/index.php\/2024\/04\/01\/barbaria-e-shtetit-fashist-serb-se-kurseu-askend\/"},"modified":"2024-04-01T13:56:46","modified_gmt":"2024-04-01T13:56:46","slug":"barbaria-e-shtetit-fashist-serb-se-kurseu-askend","status":"publish","type":"post","link":"https:\/\/radiogjilani.com\/index.php\/2024\/04\/01\/barbaria-e-shtetit-fashist-serb-se-kurseu-askend\/","title":{"rendered":"\u2018Barbaria e shtetit fashist serb s\u2019e kurseu ask\u00ebnd\u2019"},"content":{"rendered":"<p>Kryetari i Aleanc\u00ebs p\u00ebr Ardhm\u00ebrin\u00eb e Kosov\u00ebs (AAK), Ramush Haradinaj, n\u00ebp\u00ebrmjet nj\u00eb postimi n\u00eb \u201cFacebook\u201d t\u00eb h\u00ebn\u00ebn, kujtoi ngjarjet e kobshme t\u00eb fillim prillit t\u00eb vitit 1999 n\u00eb Lybeniq t\u00eb Pej\u00ebs, atje ku, 26 vjet m\u00eb par\u00eb, forcat policore e ushtarake serbe ekzekutuan 79 civil\u00eb shqiptar\u00eb t\u00eb pambrojtur, n\u00eb mesin e tyre f\u00ebmij\u00eb, gra e pleq, duke mos kursyer ask\u00ebnd.<\/p>\n<p>\u201cSa her\u00eb vijm\u00eb n\u00eb Lybeniq, nj\u00eb pjes\u00eb e zemr\u00ebs mbetet k\u00ebtu, me familjar\u00ebt q\u00eb ende presin q\u00eb t\u00eb dashurit e tyre t\u00eb ken\u00eb nj\u00eb varr p\u00ebr t\u2019iu vendosur lule. Lybeniqi u masakrua edhe m\u00eb 25 maj 1998, e java e par\u00eb e prillit 1999 ishte e kobshme p\u00ebr k\u00ebt\u00eb fshat e zon\u00ebn p\u00ebrreth, q\u00eb u b\u00ebn\u00eb cak t\u00eb represionit t\u00eb tmerrsh\u00ebm e t\u00eb papar\u00eb\u201d, deklaroi ish-kryeministri i Kosov\u00ebs.<\/p>\n<p>\u201cArmiku ekzekutoi mbi nj\u00ebqind shqiptar\u00eb t\u00eb paarmatosur, nga fshatrat Lybeniq, Bu\u00e7an, Rashiq, Loxh\u00eb, Kosuriq e Prilep. A vritet njeriu, vet\u00ebm se e \u00ebnd\u00ebrron lirin\u00eb e atdheut t\u00eb tij? K\u00ebt\u00eb e b\u00ebri pa m\u00ebshir\u00eb barbaria e shtetit fashist serb, q\u00eb nuk kurseu ask\u00ebnd q\u00eb i doli para, gra, f\u00ebmij\u00eb e pleq. Sot e p\u00ebr mot, p\u00ebrulemi me respekt para sakrific\u00ebs s\u00eb t\u00eb r\u00ebn\u00ebve p\u00ebr liri!\u201d, shtoi ai.<\/p>\n<div>\n<p>M\u00eb 25 maj t\u00eb vitit 1998, para nj\u00eb \u00e7erek shekulli, n\u00eb k\u00ebt\u00eb fshat t\u00eb vog\u00ebl t\u00eb Kosov\u00ebs, rreth 7 kilometra larg qytetit t\u00eb Pej\u00ebs, u vran\u00eb n\u00ebnt\u00eb banor\u00eb, nd\u00ebrsa m\u00eb 1 prill t\u00eb vitit 1999, u ekzekutuan 72 t\u00eb tjer\u00eb, n\u00eb mesin e tyre gra shtatz\u00ebna, foshnja, f\u00ebmij\u00eb t\u00eb mitur dhe pleq. Masakrat e Lubeniqit konsiderohen disa nga masakrat m\u00eb makabre t\u00eb Serbis\u00eb gjat\u00eb luft\u00ebs n\u00eb Kosov\u00eb.<\/p>\n<\/div>\n<p>The post <a rel=\"nofollow\" href=\"https:\/\/albanianpost.com\/barbaria-e-shtetit-fashist-serb-se-kurseu-askend\/\">\u2018Barbaria e shtetit fashist serb s\u2019e kurseu ask\u00ebnd\u2019<\/a> appeared first on <a rel=\"nofollow\" href=\"https:\/\/albanianpost.com\/\">Albanian Post<\/a>.<\/p>\n","protected":false},"excerpt":{"rendered":"<p>Kryetari i Aleanc\u00ebs p\u00ebr Ardhm\u00ebrin\u00eb e Kosov\u00ebs (AAK), Ramush Haradinaj, n\u00ebp\u00ebrmjet nj\u00eb postimi n\u00eb \u201cFacebook\u201d t\u00eb h\u00ebn\u00ebn, kujtoi ngjarjet e kobshme t\u00eb fillim prillit t\u00eb vitit 1999 n\u00eb Lybeniq t\u00eb Pej\u00ebs, atje ku, 26 vjet m\u00eb par\u00eb, forcat policore e ushtarake serbe ekzekutuan 79 civil\u00eb shqiptar\u00eb t\u00eb pambrojtur, n\u00eb mesin e tyre f\u00ebmij\u00eb, gra e [&hellip;]<\/p>\n","protected":false},"author":1,"featured_media":437,"comment_status":"open","ping_status":"open","sticky":false,"template":"","format":"standard","meta":{"footnotes":""},"categories":[1],"tags":[],"class_list":["post-436","post","type-post","status-publish","format-standard","has-post-thumbnail","hentry","category-uncategorized"],"_links":{"self":[{"href":"https:\/\/radiogjilani.com\/index.php\/wp-json\/wp\/v2\/posts\/436","targetHints":{"allow":["GET"]}}],"collection":[{"href":"https:\/\/radiogjilani.com\/index.php\/wp-json\/wp\/v2\/posts"}],"about":[{"href":"https:\/\/radiogjilani.com\/index.php\/wp-json\/wp\/v2\/types\/post"}],"author":[{"embeddable":true,"href":"https:\/\/radiogjilani.com\/index.php\/wp-json\/wp\/v2\/users\/1"}],"replies":[{"embeddable":true,"href":"https:\/\/radiogjilani.com\/index.php\/wp-json\/wp\/v2\/comments?post=436"}],"version-history":[{"count":0,"href":"https:\/\/radiogjilani.com\/index.php\/wp-json\/wp\/v2\/posts\/436\/revisions"}],"wp:featuredmedia":[{"embeddable":true,"href":"https:\/\/radiogjilani.com\/index.php\/wp-json\/wp\/v2\/media\/437"}],"wp:attachment":[{"href":"https:\/\/radiogjilani.com\/index.php\/wp-json\/wp\/v2\/media?parent=436"}],"wp:term":[{"taxonomy":"category","embeddable":true,"href":"https:\/\/radiogjilani.com\/index.php\/wp-json\/wp\/v2\/categories?post=436"},{"taxonomy":"post_tag","embeddable":true,"href":"https:\/\/radiogjilani.com\/index.php\/wp-json\/wp\/v2\/tags?post=436"}],"curies":[{"name":"wp","href":"https:\/\/api.w.org\/{rel}","templated":true}]}}