{"id":4381,"date":"2024-06-05T09:22:53","date_gmt":"2024-06-05T09:22:53","guid":{"rendered":"https:\/\/radiogjilani.com\/index.php\/2024\/06\/05\/abazi-publikon-dokumentin-thote-se-qeveria-e-kosoves-me-2021-nenshkroi-kontrate-me-kompanine-qe-ka-lidhje-me-radoiciqin\/"},"modified":"2024-06-05T09:22:53","modified_gmt":"2024-06-05T09:22:53","slug":"abazi-publikon-dokumentin-thote-se-qeveria-e-kosoves-me-2021-nenshkroi-kontrate-me-kompanine-qe-ka-lidhje-me-radoiciqin","status":"publish","type":"post","link":"https:\/\/radiogjilani.com\/index.php\/2024\/06\/05\/abazi-publikon-dokumentin-thote-se-qeveria-e-kosoves-me-2021-nenshkroi-kontrate-me-kompanine-qe-ka-lidhje-me-radoiciqin\/","title":{"rendered":"Abazi publikon dokumentin, thot\u00eb se Qeveria e Kosov\u00ebs m\u00eb 2021 n\u00ebnshkroi kontrat\u00eb me kompanin\u00eb q\u00eb ka lidhje me Radoi\u00e7iqin"},"content":{"rendered":"<p>Deputeti, Haki Abazi e ka publikuar nj\u00eb kontrat\u00eb ku sipas tij n\u00eb 2021 \u00ebsht\u00eb n\u00ebnshkruar nga Qeveria e Kosov\u00ebs me kompanin\u00eb \u201cRAD\u201d n\u00eb veri n\u00eb vler\u00eb 574 mij\u00eb euro. Ai thot\u00eb se kjo kompani \u00ebsht\u00eb kompani q\u00eb ka lidhje me Milan Radoi\u00e7iqin n\u00eb veri t\u00eb Kosov\u00ebs duke th\u00ebn\u00eb se me k\u00ebt\u00eb \u201cv\u00ebrtetohet bashk\u00ebpunimi i qeveris\u00eb me Radojciqin\u201d. 2Kjo kontrat\u00eb \u00ebsht\u00eb b\u00ebr\u00eb me dat\u00ebn 13 Korrik 2021 p\u00ebr Kompanin\u00eb Rad p\u00ebr 574&#8230;<\/p>\n<p><a href=\"https:\/\/ekonomiaonline.com\/abazi-publikon-dokumentin-thote-se-qeveria-e-kosoves-me-2021-nenshkroi-kontrate-me-kompanine-qe-ka-lidhje-me-radoiciqin\/\" rel=\"nofollow\">Source<\/a><\/p>\n","protected":false},"excerpt":{"rendered":"<p>Deputeti, Haki Abazi e ka publikuar nj\u00eb kontrat\u00eb ku sipas tij n\u00eb 2021 \u00ebsht\u00eb n\u00ebnshkruar nga Qeveria e Kosov\u00ebs me kompanin\u00eb \u201cRAD\u201d n\u00eb veri n\u00eb vler\u00eb 574 mij\u00eb euro. Ai thot\u00eb se kjo kompani \u00ebsht\u00eb kompani q\u00eb ka lidhje me Milan Radoi\u00e7iqin n\u00eb veri t\u00eb Kosov\u00ebs duke th\u00ebn\u00eb se me k\u00ebt\u00eb \u201cv\u00ebrtetohet bashk\u00ebpunimi i qeveris\u00eb [&hellip;]<\/p>\n","protected":false},"author":1,"featured_media":4382,"comment_status":"open","ping_status":"open","sticky":false,"template":"","format":"standard","meta":{"footnotes":""},"categories":[19],"tags":[],"class_list":["post-4381","post","type-post","status-publish","format-standard","has-post-thumbnail","hentry","category-eko"],"_links":{"self":[{"href":"https:\/\/radiogjilani.com\/index.php\/wp-json\/wp\/v2\/posts\/4381","targetHints":{"allow":["GET"]}}],"collection":[{"href":"https:\/\/radiogjilani.com\/index.php\/wp-json\/wp\/v2\/posts"}],"about":[{"href":"https:\/\/radiogjilani.com\/index.php\/wp-json\/wp\/v2\/types\/post"}],"author":[{"embeddable":true,"href":"https:\/\/radiogjilani.com\/index.php\/wp-json\/wp\/v2\/users\/1"}],"replies":[{"embeddable":true,"href":"https:\/\/radiogjilani.com\/index.php\/wp-json\/wp\/v2\/comments?post=4381"}],"version-history":[{"count":0,"href":"https:\/\/radiogjilani.com\/index.php\/wp-json\/wp\/v2\/posts\/4381\/revisions"}],"wp:featuredmedia":[{"embeddable":true,"href":"https:\/\/radiogjilani.com\/index.php\/wp-json\/wp\/v2\/media\/4382"}],"wp:attachment":[{"href":"https:\/\/radiogjilani.com\/index.php\/wp-json\/wp\/v2\/media?parent=4381"}],"wp:term":[{"taxonomy":"category","embeddable":true,"href":"https:\/\/radiogjilani.com\/index.php\/wp-json\/wp\/v2\/categories?post=4381"},{"taxonomy":"post_tag","embeddable":true,"href":"https:\/\/radiogjilani.com\/index.php\/wp-json\/wp\/v2\/tags?post=4381"}],"curies":[{"name":"wp","href":"https:\/\/api.w.org\/{rel}","templated":true}]}}