{"id":4391,"date":"2024-06-05T09:22:48","date_gmt":"2024-06-05T09:22:48","guid":{"rendered":"https:\/\/radiogjilani.com\/index.php\/2024\/06\/05\/peci-serbet-qe-punojne-ne-komunen-e-zvecanit-kane-frike-nga-lista-serbe\/"},"modified":"2024-06-05T09:22:48","modified_gmt":"2024-06-05T09:22:48","slug":"peci-serbet-qe-punojne-ne-komunen-e-zvecanit-kane-frike-nga-lista-serbe","status":"publish","type":"post","link":"https:\/\/radiogjilani.com\/index.php\/2024\/06\/05\/peci-serbet-qe-punojne-ne-komunen-e-zvecanit-kane-frike-nga-lista-serbe\/","title":{"rendered":"Peci: Serb\u00ebt q\u00eb punojn\u00eb n\u00eb komun\u00ebn e Zve\u00e7anit kan\u00eb frik\u00eb nga Lista Serbe"},"content":{"rendered":"<p>Serb\u00ebt q\u00eb jetojn\u00eb n\u00eb komunat veriore kan\u00eb frik\u00eb t\u00eb punojn\u00eb n\u00eb institucionin publik me kryetar\u00ebt shqiptar nga hakmarrja e List\u00ebs Serbe. Edhe ata q\u00eb aktualisht jan\u00eb n\u00eb marr\u00ebdh\u00ebnie pune n\u00eb Komun\u00ebn e Zve\u00e7anit kujdesen q\u00eb t\u00eb mos shfaqen n\u00eb kamera, nd\u00ebrsa rrug\u00ebn p\u00ebr n\u00eb pun\u00eb e b\u00ebjn\u00eb me taksi n\u00eb m\u00ebnyr\u00eb q\u00eb t\u00eb mos identifikohen me veturat e tyre. K\u00ebshtu u shpreh p\u00ebr A2CNN, kryetari i Zve\u00e7anit, Ilir Peci.<\/p>\n<p><a href=\"https:\/\/ekonomiaonline.com\/peci-serbet-qe-punojne-ne-komunen-e-zvecanit-kane-frike-nga-lista-serbe\/\" rel=\"nofollow\">Source<\/a><\/p>\n","protected":false},"excerpt":{"rendered":"<p>Serb\u00ebt q\u00eb jetojn\u00eb n\u00eb komunat veriore kan\u00eb frik\u00eb t\u00eb punojn\u00eb n\u00eb institucionin publik me kryetar\u00ebt shqiptar nga hakmarrja e List\u00ebs Serbe. Edhe ata q\u00eb aktualisht jan\u00eb n\u00eb marr\u00ebdh\u00ebnie pune n\u00eb Komun\u00ebn e Zve\u00e7anit kujdesen q\u00eb t\u00eb mos shfaqen n\u00eb kamera, nd\u00ebrsa rrug\u00ebn p\u00ebr n\u00eb pun\u00eb e b\u00ebjn\u00eb me taksi n\u00eb m\u00ebnyr\u00eb q\u00eb t\u00eb mos identifikohen [&hellip;]<\/p>\n","protected":false},"author":1,"featured_media":4392,"comment_status":"open","ping_status":"open","sticky":false,"template":"","format":"standard","meta":{"footnotes":""},"categories":[19],"tags":[],"class_list":["post-4391","post","type-post","status-publish","format-standard","has-post-thumbnail","hentry","category-eko"],"_links":{"self":[{"href":"https:\/\/radiogjilani.com\/index.php\/wp-json\/wp\/v2\/posts\/4391","targetHints":{"allow":["GET"]}}],"collection":[{"href":"https:\/\/radiogjilani.com\/index.php\/wp-json\/wp\/v2\/posts"}],"about":[{"href":"https:\/\/radiogjilani.com\/index.php\/wp-json\/wp\/v2\/types\/post"}],"author":[{"embeddable":true,"href":"https:\/\/radiogjilani.com\/index.php\/wp-json\/wp\/v2\/users\/1"}],"replies":[{"embeddable":true,"href":"https:\/\/radiogjilani.com\/index.php\/wp-json\/wp\/v2\/comments?post=4391"}],"version-history":[{"count":0,"href":"https:\/\/radiogjilani.com\/index.php\/wp-json\/wp\/v2\/posts\/4391\/revisions"}],"wp:featuredmedia":[{"embeddable":true,"href":"https:\/\/radiogjilani.com\/index.php\/wp-json\/wp\/v2\/media\/4392"}],"wp:attachment":[{"href":"https:\/\/radiogjilani.com\/index.php\/wp-json\/wp\/v2\/media?parent=4391"}],"wp:term":[{"taxonomy":"category","embeddable":true,"href":"https:\/\/radiogjilani.com\/index.php\/wp-json\/wp\/v2\/categories?post=4391"},{"taxonomy":"post_tag","embeddable":true,"href":"https:\/\/radiogjilani.com\/index.php\/wp-json\/wp\/v2\/tags?post=4391"}],"curies":[{"name":"wp","href":"https:\/\/api.w.org\/{rel}","templated":true}]}}