{"id":4399,"date":"2024-06-05T09:23:54","date_gmt":"2024-06-05T09:23:54","guid":{"rendered":"https:\/\/radiogjilani.com\/index.php\/2024\/06\/05\/biden-mberrin-ne-france\/"},"modified":"2024-06-05T09:23:54","modified_gmt":"2024-06-05T09:23:54","slug":"biden-mberrin-ne-france","status":"publish","type":"post","link":"https:\/\/radiogjilani.com\/index.php\/2024\/06\/05\/biden-mberrin-ne-france\/","title":{"rendered":"Biden mb\u00ebrrin n\u00eb Franc\u00eb"},"content":{"rendered":"<p>Presidenti i SHBA-ve Joe Biden ka mb\u00ebrritur n\u00eb Franc\u00eb p\u00ebr vizit\u00ebn e tij shtet\u00ebrore atje.<\/p>\n<p>S\u00eb bashku me presidentin francez Emmanuel Macron, mbretin britanik Charles III dhe kryeministrin kanadez Justin Trudeau, Biden do t\u00eb kujtoj\u00eb heroizmin e trupave aleate q\u00eb dhan\u00eb jet\u00ebn e tyre larg sht\u00ebpis\u00eb n\u00eb zbarkimet m\u00eb 6 qershor 1944 p\u00ebr t\u00eb \u00e7liruar Evrop\u00ebn nga nazist\u00ebt.<\/p>\n<p>P\u00ebr mbretin Charles, kjo do t\u00eb jet\u00eb vizita e tij e par\u00eb jasht\u00eb shtetit q\u00eb nga diagnoza e tij me kancer.<\/p>\n<p>Teksa sakrifica e ushtar\u00ebve aleat\u00eb do t\u00eb jet\u00eb n\u00eb qend\u00ebr t\u00eb sken\u00ebs, kancelari gjerman Olaf Scholz dhe presidenti italian Sergio Mattarella do t\u00eb jen\u00eb gjithashtu t\u00eb pranish\u00ebm si nj\u00eb shenj\u00eb e pajtimit nd\u00ebrkomb\u00ebtar t\u00eb pas Luft\u00ebs s\u00eb Dyt\u00eb Bot\u00ebrore.<\/p>\n<div class=\"ads square\">\n<p><a href=\"https:\/\/track.adform.net\/C\/?bn=73199340;C=0\" target=\"_blank\" rel=\"noopener\"><\/p>\n<p><img loading=\"lazy\" decoding=\"async\" src=\"https:\/\/track.adform.net\/adfserve\/?bn=73199340;srctype=4;ord=%5Btimestamp%5D\" border=\"0\" width=\"300\" height=\"250\" alt=\"\"><\/p>\n<p><\/a><\/p><\/div>\n<p>Duke fluturuar n\u00eb bordin e Air Force One, Biden zbriti n\u00eb aeroportin e Parisit Orly dhe u mir\u00ebprit nga kryeministri Gabriel Attal.<\/p>\n<p>Biden pritet gjithashtu t\u00eb promovoj\u00eb Amerik\u00ebn si nj\u00eb mbrojt\u00ebse t\u00eb demokracis\u00eb dhe aleancave nd\u00ebrkomb\u00ebtare gjat\u00eb vizit\u00ebs s\u00eb tij shtet\u00ebrore q\u00eb do t\u00eb zgjas\u00eb deri t\u00eb diel\u00ebn.<\/p>\n<p>Por edhe lufta q\u00eb ka shp\u00ebrthyer n\u00eb Ukrain\u00eb q\u00eb nga pushtimi i Rusis\u00eb m\u00eb 24 shkurt 2022, do t\u00eb jet\u00eb n\u00eb qend\u00ebr t\u00eb v\u00ebmendjes me Presidentin ukrainas Volodymyr Zelensky gjithashtu i pranish\u00ebm.<\/p>\n<p>Sakaq, asnj\u00eb zyrtar nga Rusia nuk \u00ebsht\u00eb ftuar, pasi Parisi anuloi planet p\u00ebr t\u00eb pritur p\u00ebrfaq\u00ebsues t\u00eb nivelit m\u00eb t\u00eb ul\u00ebt n\u00eb njohje t\u00eb kontributit t\u00eb Bashkimit Sovjetik n\u00eb Luft\u00ebn e Dyt\u00eb Bot\u00ebrore.<\/p>\n<p>T\u00eb ftuarit m\u00eb t\u00eb nderuar do t\u00eb jen\u00eb veteran\u00ebt e mbijetuar: priten rreth 200, nj\u00eb num\u00ebr q\u00eb po pak\u00ebsohet \u00e7do vit me shumic\u00ebn n\u00eb fund t\u00eb viteve \u201890 dhe disa mbi 100.<\/p>\n<p>Biden, Macron dhe Zelensky po bashkohen n\u00eb nj\u00eb moment kritik n\u00eb konfliktin e Ukrain\u00ebs, me Kievin duke paralajm\u00ebruar se Rusia rrezikon t\u00eb fitoj\u00eb p\u00ebrpar\u00ebsi pa nj\u00eb rritje t\u00eb konsiderueshme t\u00eb ndihm\u00ebs per\u00ebndimore.<\/p>\n<p>Macron tashm\u00eb ka k\u00ebrkuar t\u00eb thyej\u00eb tabut\u00eb duke refuzuar t\u00eb p\u00ebrjashtoj\u00eb d\u00ebrgimin e trupave n\u00eb Ukrain\u00eb, nj\u00eb pozicion q\u00eb shqet\u00ebsoi disa aleat\u00eb t\u00eb BE-s\u00eb.<\/p>\n<p>Por ka pasur ndryshime n\u00eb jav\u00ebt e fundit, me Per\u00ebndimin q\u00eb ka treguar gatishm\u00ebri p\u00ebr t\u00eb lejuar Ukrain\u00ebn t\u00eb p\u00ebrdor\u00eb arm\u00ebt e ofruara nga Per\u00ebndimi p\u00ebr t\u00eb goditur objektivat n\u00eb Rusi dhe Franca duke nxitur vendosjen e instruktor\u00ebve ushtarak\u00eb evropian\u00eb n\u00eb Ukrain\u00eb.<\/p>\n<p>Macron, i cili dikur k\u00ebrkoi t\u00eb nd\u00ebrtonte nj\u00eb marr\u00ebdh\u00ebnie me presidentin rus Vladimir Putin, ka paralajm\u00ebruar vazhdimisht p\u00ebr natyr\u00ebn ekzistenciale t\u00eb konfliktit t\u00eb Ukrain\u00ebs p\u00ebr Evrop\u00ebn, duke th\u00ebn\u00eb n\u00eb nj\u00eb fjalim n\u00eb prill se \u201cEvropa jon\u00eb \u00ebsht\u00eb e vdekshme, mund t\u00eb vdes\u00eb\u201d.<\/p>\n<blockquote class=\"wp-embedded-content\" data-secret=\"lw2fQp2bmG\">\n<p><a href=\"https:\/\/albanianpost.com\/macron-pergatit-planin-per-te-derguar-instruktore-ushtarake-ne-ukraine-pritet-mbeshtetje-nga-biden\/\">Macron p\u00ebrgatit planin p\u00ebr t\u00eb d\u00ebrguar instruktor\u00eb ushtarak\u00eb n\u00eb Ukrain\u00eb, pritet mb\u00ebshtetje nga Biden<\/a><\/p>\n<\/blockquote>\n<p>The post <a rel=\"nofollow\" href=\"https:\/\/albanianpost.com\/biden-mberrin-ne-france\/\">Biden mb\u00ebrrin n\u00eb Franc\u00eb<\/a> appeared first on <a rel=\"nofollow\" href=\"https:\/\/albanianpost.com\/\">Albanian Post<\/a>.<\/p>\n","protected":false},"excerpt":{"rendered":"<p>Presidenti i SHBA-ve Joe Biden ka mb\u00ebrritur n\u00eb Franc\u00eb p\u00ebr vizit\u00ebn e tij shtet\u00ebrore atje. S\u00eb bashku me presidentin francez Emmanuel Macron, mbretin britanik Charles III dhe kryeministrin kanadez Justin Trudeau, Biden do t\u00eb kujtoj\u00eb heroizmin e trupave aleate q\u00eb dhan\u00eb jet\u00ebn e tyre larg sht\u00ebpis\u00eb n\u00eb zbarkimet m\u00eb 6 qershor 1944 p\u00ebr t\u00eb \u00e7liruar [&hellip;]<\/p>\n","protected":false},"author":1,"featured_media":4400,"comment_status":"open","ping_status":"open","sticky":false,"template":"","format":"standard","meta":{"footnotes":""},"categories":[1],"tags":[],"class_list":["post-4399","post","type-post","status-publish","format-standard","has-post-thumbnail","hentry","category-uncategorized"],"_links":{"self":[{"href":"https:\/\/radiogjilani.com\/index.php\/wp-json\/wp\/v2\/posts\/4399","targetHints":{"allow":["GET"]}}],"collection":[{"href":"https:\/\/radiogjilani.com\/index.php\/wp-json\/wp\/v2\/posts"}],"about":[{"href":"https:\/\/radiogjilani.com\/index.php\/wp-json\/wp\/v2\/types\/post"}],"author":[{"embeddable":true,"href":"https:\/\/radiogjilani.com\/index.php\/wp-json\/wp\/v2\/users\/1"}],"replies":[{"embeddable":true,"href":"https:\/\/radiogjilani.com\/index.php\/wp-json\/wp\/v2\/comments?post=4399"}],"version-history":[{"count":0,"href":"https:\/\/radiogjilani.com\/index.php\/wp-json\/wp\/v2\/posts\/4399\/revisions"}],"wp:featuredmedia":[{"embeddable":true,"href":"https:\/\/radiogjilani.com\/index.php\/wp-json\/wp\/v2\/media\/4400"}],"wp:attachment":[{"href":"https:\/\/radiogjilani.com\/index.php\/wp-json\/wp\/v2\/media?parent=4399"}],"wp:term":[{"taxonomy":"category","embeddable":true,"href":"https:\/\/radiogjilani.com\/index.php\/wp-json\/wp\/v2\/categories?post=4399"},{"taxonomy":"post_tag","embeddable":true,"href":"https:\/\/radiogjilani.com\/index.php\/wp-json\/wp\/v2\/tags?post=4399"}],"curies":[{"name":"wp","href":"https:\/\/api.w.org\/{rel}","templated":true}]}}