{"id":4409,"date":"2024-06-05T09:23:49","date_gmt":"2024-06-05T09:23:49","guid":{"rendered":"https:\/\/radiogjilani.com\/index.php\/2024\/06\/05\/nga-kuqezinjte-te-te-perbashketat-mes-tiranes-dhe-sao-paulos-si-edhe-ambicjet-per-euro-2024-sylvinho-rrefehet-per-uefa-n\/"},"modified":"2024-06-05T09:23:49","modified_gmt":"2024-06-05T09:23:49","slug":"nga-kuqezinjte-te-te-perbashketat-mes-tiranes-dhe-sao-paulos-si-edhe-ambicjet-per-euro-2024-sylvinho-rrefehet-per-uefa-n","status":"publish","type":"post","link":"https:\/\/radiogjilani.com\/index.php\/2024\/06\/05\/nga-kuqezinjte-te-te-perbashketat-mes-tiranes-dhe-sao-paulos-si-edhe-ambicjet-per-euro-2024-sylvinho-rrefehet-per-uefa-n\/","title":{"rendered":"Nga kuqezinjt\u00eb, te t\u00eb p\u00ebrbashk\u00ebtat mes Tiran\u00ebs dhe Sao Paulos, si edhe ambicjet p\u00ebr Euro 2024 \u2013 Sylvinho rr\u00ebfehet p\u00ebr UEFA-n"},"content":{"rendered":"<p>\u201cNe jemi amerikano-jugor\u00eb, por edhe shum\u00eb europian\u00eb\u201d, thot\u00eb ish-mbrojt\u00ebsi i Arsenal-it dhe Barcelona-s, Sylvinho p\u00ebr mikrofonat e UEFA-s teksa flet p\u00ebr rrug\u00ebtimin e ekipit t\u00eb tij t\u00eb trajner\u00ebve n\u00eb Euro 2024 me Shqip\u00ebrin\u00eb.<\/p>\n<p>Ish-mbrojt\u00ebsi i majt\u00eb brazilian, Sylvinho b\u00ebri nj\u00eb l\u00ebvizje t\u00eb papritur kur mori detyr\u00ebn n\u00eb Komb\u00ebtaren shqiptare n\u00eb janar 2023, por nuk ka pasur asnj\u00eb arsye t\u00eb pendohet p\u00ebr vendimin e tij.<\/p>\n<p>Pasi udh\u00ebhoqi skuadr\u00ebn e tij n\u00eb UEFA Euro 2024, ish-lojtarit t\u00eb Arsenal-it, Barcelona-s dhe Manchester City-t iu dha nj\u00eb dekorat\u00eb zyrtare nga Presidenti i Shqip\u00ebris\u00eb.<\/p>\n<p>Ai shpjegoi se si ai dhe ekipi i tij (p\u00ebrfshir\u00eb ish-mbrojt\u00ebsin e djatht\u00eb t\u00eb City-t, Pablo Zabaleta dhe mesfushorin e dikursh\u00ebm t\u00eb Brazilit, Doriva) kan\u00eb fituar nderimet e tyre n\u00eb Tiran\u00eb.<\/p>\n<div class=\"ads square\">\n<p><a href=\"https:\/\/track.adform.net\/C\/?bn=73199340;C=0\" target=\"_blank\" rel=\"noopener\"><\/p>\n<p><img loading=\"lazy\" decoding=\"async\" src=\"https:\/\/track.adform.net\/adfserve\/?bn=73199340;srctype=4;ord=%5Btimestamp%5D\" border=\"0\" width=\"300\" height=\"250\" alt=\"\"><\/p>\n<p><\/a><\/p><\/div>\n<p><strong>Me marrjen e detyr\u00ebs te Shqip\u00ebria<\/strong><\/p>\n<p>Ishte nj\u00eb martes\u00eb, e nd\u00ebrsjell\u00eb nga t\u00eb dyja pal\u00ebt. Projekti m\u00eb interesoi shum\u00eb dhe ata u interesuan p\u00ebr ne si ekip teknik, me Doriva-n, Zabaleta-n: t\u00eb rinj q\u00eb duan shum\u00eb t\u00eb b\u00ebjn\u00eb mir\u00eb.<\/p>\n<p>N\u00eb Shqip\u00ebri flasin shum\u00eb italisht. E kuptova se mes italishtes dhe anglishtes mund t\u2019ia dilja mban\u00eb n\u00eb pun\u00eb. (Shqiptar\u00ebt vler\u00ebsojn\u00eb) nj\u00eb lloj futbolli teknik, me lojtar\u00eb q\u00eb p\u00eblqejn\u00eb driblime. Atyre u p\u00eblqen t\u00eb luajn\u00eb futboll t\u00eb mir\u00eb, ndaj edhe kjo m\u00eb dha ndjesin\u00eb se: \u2018Po, k\u00ebtu mund t\u00eb punoj shum\u00eb mir\u00eb\u2019.<\/p>\n<p>Ne jemi amerikano-jugor\u00eb, por edhe shum\u00eb evropian\u00eb. Pablo kaloi dhjet\u00eb vjet n\u00eb Premier League. Kam luajtur pak n\u00eb Premier League, n\u00eb Spanj\u00eb p\u00ebr nj\u00eb koh\u00eb t\u00eb gjat\u00eb, n\u00eb Itali punoja me Roberto Mancini-n. Doriva ka luajtur n\u00eb Itali, ka luajtur n\u00eb Portugali. Ekipi yn\u00eb teknik \u00ebsht\u00eb shum\u00eb multikulturor.<\/p>\n<p><strong>Udh\u00ebheqje p\u00ebrmes shembullit<\/strong><\/p>\n<p>Doriva, Pablo dhe un\u00eb jemi t\u00eb gjith\u00eb njer\u00ebz q\u00eb luftojm\u00eb shum\u00eb n\u00eb jet\u00ebn ton\u00eb. Si futbollist\u00eb, t\u00eb arrijm\u00eb atje ku kemi arritur ne t\u00eb tre, t\u00eb b\u00ebjm\u00eb gjith\u00e7ka q\u00eb kemi b\u00ebr\u00eb. Lojtar\u00ebt e njohin at\u00eb. Ky mentalitet \u00ebsht\u00eb shum\u00eb i r\u00ebnd\u00ebsish\u00ebm.<\/p>\n<p>Ne jemi t\u00eb p\u00ebrulur n\u00eb kuptimin q\u00eb njohim faktin q\u00eb kemi ndaluar s\u00eb luajturi futboll. Lojtar\u00ebt jan\u00eb protagonist\u00ebt dhe jan\u00eb (ata) q\u00eb luajn\u00eb. Megjithat\u00eb, ka di\u00e7ka q\u00eb mund t\u2019u kalojm\u00eb atyre, dhe ky \u00ebsht\u00eb mentaliteti.<\/p>\n<p>\u2018Djema, ju duhet t\u00eb st\u00ebrviteni mir\u00eb, seriozisht. Ne nuk mund t\u00eb humbasim (n\u00eb) nj\u00eb seanc\u00eb st\u00ebrvitore. Ju duhet ta vendosni k\u00ebt\u00eb n\u00eb (kokat) e lojtar\u00ebve dhe ata do t\u00eb thon\u00eb: \u2018Un\u00eb nuk vij n\u00eb st\u00ebrvitje p\u00ebr t\u00eb st\u00ebrvitur, un\u00eb vij n\u00eb st\u00ebrvitje p\u00ebr t\u00eb fituar\u2019.<\/p>\n<p><strong>\u00c7far\u00eb kan\u00eb t\u00eb p\u00ebrbashk\u00ebt Shqip\u00ebria dhe Sao Paulo<\/strong><\/p>\n<p>Un\u00eb kam lindur n\u00eb Sao Paulo dhe kam jetuar atje n\u00eb vitet 1980 dhe 1990. Aty luaja futboll n\u00eb rrug\u00eb. Ishte v\u00ebrtet e v\u00ebshtir\u00eb, v\u00ebrtet fizike. Gj\u00ebja m\u00eb e madhe q\u00eb kan\u00eb t\u00eb p\u00ebrbashk\u00ebt Tirana dhe Sao Paulo jan\u00eb njer\u00ebzit n\u00eb Brazil dhe Shqip\u00ebri.<\/p>\n<p>Ne jemi t\u00eb gjith\u00eb njer\u00ebz t\u00eb dashur, marr\u00ebdh\u00ebniet jan\u00eb v\u00ebrtet t\u00eb ngrohta dhe njer\u00ebzit thon\u00eb: \u2018Ulu dhe ha nj\u00eb vakt me mua. Dyert e sht\u00ebpis\u00eb sime jan\u00eb t\u00eb hapura\u2019. Kjo \u00ebsht\u00eb di\u00e7ka q\u00eb t\u00eb dy vendet e kan\u00eb t\u00eb p\u00ebrbashk\u00ebt.<\/p>\n<p><strong>P\u00ebr Kristjan Asllanin dhe Jasir Asanin<\/strong><\/p>\n<p>Kristjan \u00ebsht\u00eb nj\u00eb lojtar i talentuar teknikisht i shk\u00eblqyer me t\u00eb dyja k\u00ebmb\u00ebt. Ai \u00ebsht\u00eb i aft\u00eb t\u00eb luaj\u00eb n\u00eb t\u00eb dyja an\u00ebt. Ai \u00ebsht\u00eb teknik, i ri dhe po e forcon rrug\u00ebn e tij. Ai ka ende shum\u00eb p\u00ebr t\u00eb m\u00ebsuar si \u00e7do lojtar 21 apo 22-vje\u00e7ar. Ai \u00ebsht\u00eb v\u00ebrtet i fort\u00eb p\u00ebr sa i p\u00ebrket aft\u00ebsive t\u00eb tij teknike dhe \u00ebsht\u00eb i bekuar me shum\u00eb personalitet. Ai \u00ebsht\u00eb nj\u00eb lojtar i madh.<\/p>\n<p>Asani \u00ebsht\u00eb nj\u00eb lojtar q\u00eb kemi zgjedhur n\u00eb Koren\u00eb e Jugut. Ai \u00ebsht\u00eb nj\u00eb lojtar me k\u00ebmb\u00ebn e majt\u00eb q\u00eb luan n\u00eb t\u00eb djatht\u00eb dhe futet n\u00eb qend\u00ebr, gj\u00eb q\u00eb na p\u00eblqen. Ai sh\u00ebnon gola t\u00eb r\u00ebnd\u00ebsish\u00ebm dhe t\u00eb bukur, si ato kund\u00ebr Polonis\u00eb dhe Moldavis\u00eb. Ai \u00ebsht\u00eb nj\u00eb lojtar i madh me cil\u00ebsi t\u00eb lart\u00eb, i cili ka nj\u00eb goditje t\u00eb shk\u00eblqyer nga distanca. Ai me t\u00eb v\u00ebrtet\u00eb po i b\u00ebn vend vetes n\u00eb ekipin komb\u00ebtar.<\/p>\n<p><strong>P\u00ebr ambiciet p\u00ebr n\u00eb Euro 2024<\/strong><\/p>\n<p>P\u00ebr t\u00eb qen\u00eb i sinqert\u00eb \u00ebsht\u00eb e mrekullueshme. T\u00eb gjith\u00eb s\u00eb bashku kemi b\u00ebr\u00eb nj\u00eb pun\u00eb t\u00eb shk\u00eblqyer. P\u00ebrve\u00e7 Pablo-s dhe Doriva-s, ka shum\u00eb an\u00ebtar\u00eb t\u00eb stafit st\u00ebrvitor, por edhe njer\u00ebz n\u00eb federat\u00eb q\u00eb punojn\u00eb fort.<\/p>\n<p>Ne i b\u00ebjm\u00eb t\u00eb gjitha k\u00ebto s\u00eb bashku dhe kuptojm\u00eb se \u00e7far\u00eb po k\u00ebrkojm\u00eb t\u00eb gjith\u00eb. Ne kemi arritur gj\u00ebra, kemi arritur n\u00eb Euro, kjo \u00ebsht\u00eb nj\u00eb arritje. Ndjenja kryesore \u00ebsht\u00eb entuziazmi dhe lumturia. Njer\u00ebzit jan\u00eb v\u00ebrtet t\u00eb lumtur.<\/p>\n<p>Ne kemi arritur deri k\u00ebtu, ne e dim\u00eb madh\u00ebsin\u00eb ton\u00eb, ne jemi duke u p\u00ebrmir\u00ebsuar. \u00cbsht\u00eb vendosur t\u00eb jet\u00eb nj\u00eb sfid\u00eb e v\u00ebrtet\u00eb. Megjithat\u00eb, ne do t\u00eb p\u00ebrkulemi p\u00ebr t\u00eb punuar.<\/p>\n<p>Ndeshjet do t\u00eb jen\u00eb fantastike, por t\u00eb v\u00ebshtira, dhe n\u00ebse jemi n\u00eb gjendje t\u00eb mposhtim kund\u00ebrshtar\u00ebt tan\u00eb, duam t\u00eb vazhdojm\u00eb. Ne po b\u00ebjm\u00eb mir\u00eb, por n\u00ebse mund t\u00eb b\u00ebjm\u00eb nj\u00eb hap tjet\u00ebr p\u00ebrpara, at\u00ebher\u00eb edhe m\u00eb mir\u00eb.<\/p>\n<p>The post <a rel=\"nofollow\" href=\"https:\/\/albanianpost.com\/nga-kuqezinjte-te-te-perbashketat-mes-tiranes-dhe-sao-paulos-si-dhe-ambicjet-per-euro-2024-sylvinho-rrefehet-per-uefa-n\/\">Nga kuqezinjt\u00eb, te t\u00eb p\u00ebrbashk\u00ebtat mes Tiran\u00ebs dhe Sao Paulos, si edhe ambicjet p\u00ebr Euro 2024 \u2013 Sylvinho rr\u00ebfehet p\u00ebr UEFA-n<\/a> appeared first on <a rel=\"nofollow\" href=\"https:\/\/albanianpost.com\/\">Albanian Post<\/a>.<\/p>\n","protected":false},"excerpt":{"rendered":"<p>\u201cNe jemi amerikano-jugor\u00eb, por edhe shum\u00eb europian\u00eb\u201d, thot\u00eb ish-mbrojt\u00ebsi i Arsenal-it dhe Barcelona-s, Sylvinho p\u00ebr mikrofonat e UEFA-s teksa flet p\u00ebr rrug\u00ebtimin e ekipit t\u00eb tij t\u00eb trajner\u00ebve n\u00eb Euro 2024 me Shqip\u00ebrin\u00eb. Ish-mbrojt\u00ebsi i majt\u00eb brazilian, Sylvinho b\u00ebri nj\u00eb l\u00ebvizje t\u00eb papritur kur mori detyr\u00ebn n\u00eb Komb\u00ebtaren shqiptare n\u00eb janar 2023, por nuk ka [&hellip;]<\/p>\n","protected":false},"author":1,"featured_media":4410,"comment_status":"open","ping_status":"open","sticky":false,"template":"","format":"standard","meta":{"footnotes":""},"categories":[1],"tags":[],"class_list":["post-4409","post","type-post","status-publish","format-standard","has-post-thumbnail","hentry","category-uncategorized"],"_links":{"self":[{"href":"https:\/\/radiogjilani.com\/index.php\/wp-json\/wp\/v2\/posts\/4409","targetHints":{"allow":["GET"]}}],"collection":[{"href":"https:\/\/radiogjilani.com\/index.php\/wp-json\/wp\/v2\/posts"}],"about":[{"href":"https:\/\/radiogjilani.com\/index.php\/wp-json\/wp\/v2\/types\/post"}],"author":[{"embeddable":true,"href":"https:\/\/radiogjilani.com\/index.php\/wp-json\/wp\/v2\/users\/1"}],"replies":[{"embeddable":true,"href":"https:\/\/radiogjilani.com\/index.php\/wp-json\/wp\/v2\/comments?post=4409"}],"version-history":[{"count":0,"href":"https:\/\/radiogjilani.com\/index.php\/wp-json\/wp\/v2\/posts\/4409\/revisions"}],"wp:featuredmedia":[{"embeddable":true,"href":"https:\/\/radiogjilani.com\/index.php\/wp-json\/wp\/v2\/media\/4410"}],"wp:attachment":[{"href":"https:\/\/radiogjilani.com\/index.php\/wp-json\/wp\/v2\/media?parent=4409"}],"wp:term":[{"taxonomy":"category","embeddable":true,"href":"https:\/\/radiogjilani.com\/index.php\/wp-json\/wp\/v2\/categories?post=4409"},{"taxonomy":"post_tag","embeddable":true,"href":"https:\/\/radiogjilani.com\/index.php\/wp-json\/wp\/v2\/tags?post=4409"}],"curies":[{"name":"wp","href":"https:\/\/api.w.org\/{rel}","templated":true}]}}