{"id":4413,"date":"2024-06-05T09:23:47","date_gmt":"2024-06-05T09:23:47","guid":{"rendered":"https:\/\/radiogjilani.com\/index.php\/2024\/06\/05\/sunak-dhe-starmer-perplasen-per-taksat-ne-debatin-e-pare\/"},"modified":"2024-06-05T09:23:47","modified_gmt":"2024-06-05T09:23:47","slug":"sunak-dhe-starmer-perplasen-per-taksat-ne-debatin-e-pare","status":"publish","type":"post","link":"https:\/\/radiogjilani.com\/index.php\/2024\/06\/05\/sunak-dhe-starmer-perplasen-per-taksat-ne-debatin-e-pare\/","title":{"rendered":"Sunak dhe Starmer p\u00ebrplasen p\u00ebr taksat n\u00eb debatin e par\u00eb"},"content":{"rendered":"<p>Rishi Sunak dhe Sir Keir Starmer jan\u00eb p\u00ebrballur n\u00eb debatin e par\u00eb televiziv t\u00eb zgjedhjeve t\u00eb p\u00ebrgjithshme, me shk\u00ebmbime t\u00eb nxehta mbi taksat, NHS (sh\u00ebrbimin sh\u00ebndet\u00ebsor komb\u00ebtar britanik) dhe emigracionin.<\/p>\n<p>Udh\u00ebheq\u00ebsit konservator\u00eb dhe laburist\u00eb u m\u00ebrzit\u00ebn nganj\u00ebher\u00eb, duke detyruar drejtuesen e ngjarjes televizive t\u00eb nd\u00ebrhyj\u00eb dhe t\u2019i nxis\u00eb \u00e7iftin t\u00eb \u201cul\u00eb z\u00ebrin\u201d.<\/p>\n<p>Sunak tha se laburist\u00ebt donin t\u00eb rrisnin taks\u00ebn me 2 mij\u00eb paund\u00eb \u2013 nj\u00eb pretendim q\u00eb Starmer e hodhi posht\u00eb si \u201cgjepura absolute\u201d.<\/p>\n<p>Dhe t\u00eb dy lider\u00ebt shfryt\u00ebzuan mund\u00ebsin\u00eb p\u00ebr t\u2019u treguar votuesve historit\u00eb e tyre personale, duke folur p\u00ebr m\u00ebnyr\u00ebn sesi p\u00ebrvojat e tyre t\u00eb f\u00ebmij\u00ebris\u00eb i kishin form\u00ebsuar pik\u00ebpamjet e tyre politike.<\/p>\n<div class=\"ads square\">\n<p><a href=\"https:\/\/track.adform.net\/C\/?bn=73199340;C=0\" target=\"_blank\" rel=\"noopener\"><\/p>\n<p><img loading=\"lazy\" decoding=\"async\" src=\"https:\/\/track.adform.net\/adfserve\/?bn=73199340;srctype=4;ord=%5Btimestamp%5D\" border=\"0\" width=\"300\" height=\"250\" alt=\"\"><\/p>\n<p><\/a><\/p><\/div>\n<p>P\u00ebr shum\u00eb analist\u00eb, Sunak kishte nevoj\u00eb p\u00ebr nj\u00eb performanc\u00eb t\u00eb madhe pas nj\u00eb jave t\u00eb v\u00ebshtir\u00eb, e cila kishte par\u00eb sondazhe t\u00eb tmerrshme p\u00ebr partin\u00eb e tij dhe kthimin e liderit t\u00eb Reform\u00ebs n\u00eb Mbret\u00ebrin\u00eb e Bashkuar, Nigel Farage, n\u00eb politik\u00ebn e vij\u00ebs s\u00eb par\u00eb.<\/p>\n<p>Ai u tregua i g\u00ebzuar q\u00eb n\u00eb fillim, duke ngacmuar Starmerin p\u00ebr politik\u00ebn tatimore dhe duke folur shpesh p\u00ebr kund\u00ebrshtaren e tij dhe kryetaren, Julie Etchingham.<\/p>\n<p>Temat e debatit u rreshtuan nga pyetjet e audienc\u00ebs, e para erdhi nga Paula nga Huddersfield.<\/p>\n<p>Ajo po luftonte me faturat e energjis\u00eb dhe ushqimit, tha ajo, dhe kishte p\u00ebrdorur t\u00eb gjitha kursimet e saj \u2013 nj\u00eb situat\u00eb q\u00eb organizata bamir\u00ebse Citizens Advice thot\u00eb se ata po merren me 6 mij\u00eb pyetje \u00e7do dit\u00eb.<\/p>\n<p>Sunak k\u00ebmb\u00ebnguli se plani i tij p\u00ebr t\u00eb rritur ekonomin\u00eb po fillonte t\u00eb funksiononte dhe tha se laburist\u00ebt do t\u00eb paguanin p\u00ebr planet e tyre t\u00eb shpenzimeve me \u201c2 mij\u00eb paund\u00eb taksa m\u00eb t\u00eb larta p\u00ebr \u00e7do familje pun\u00ebtore n\u00eb vendin ton\u00eb\u201d.<\/p>\n<p>\u201cPuna do t\u00eb rris\u00eb taksat tuaja \u2013 \u00ebsht\u00eb n\u00eb ADN-n\u00eb e tyre. Puna juaj, makina juaj, pensioni juaj \u2013 Puna do ta taksoj\u00eb at\u00eb\u201d, tha Sunak.<\/p>\n<p>Gjat\u00eb gjith\u00eb debatit ai p\u00ebrs\u00ebriti shifr\u00ebn prej 2 mij\u00eb paund\u00eb.<\/p>\n<p>Konservator\u00ebt kan\u00eb dal\u00eb me numrin bazuar n\u00eb at\u00eb se sa do t\u00eb kushtonin angazhimet e Laburist\u00ebve p\u00ebr shpenzime, duke e ndar\u00eb k\u00ebt\u00eb me numrin e familjeve n\u00eb Mbret\u00ebrin\u00eb e Bashkuar me t\u00eb pakt\u00ebn nj\u00eb person q\u00eb punon.<\/p>\n<p>Nd\u00ebrsa Sunak sugjeroi se kostot ishin p\u00ebrpunuar nga n\u00ebpun\u00ebs civil\u00eb t\u00eb paansh\u00ebm, ato bazohen n\u00eb supozimet e b\u00ebra nga k\u00ebshilltar\u00eb t\u00eb posa\u00e7\u00ebm t\u00eb em\u00ebruar politikisht.<\/p>\n<p>Nj\u00eb nga pikat m\u00eb thelb\u00ebsore t\u00eb politik\u00ebs s\u00eb mbr\u00ebmjes erdhi me Rishi Sunak q\u00eb duket se sugjeroi se do t\u00eb ishte i gatsh\u00ebm t\u00eb t\u00ebrhiqte Mbret\u00ebrin\u00eb e Bashkuar nga Konventa Evropiane p\u00ebr t\u00eb Drejtat e Njeriut (KEDNJ) n\u00ebse politika e Ruand\u00ebs nuk funksiononte.<\/p>\n<p>Sunak tha se ai besonte se planet e Mbret\u00ebris\u00eb s\u00eb Bashkuar ishin \u201cn\u00eb p\u00ebrputhje me detyrimet tona nd\u00ebrkomb\u00ebtare\u201d, por ai shtoi: \u201cN\u00ebse un\u00eb jam i detyruar t\u00eb zgjedh midis sigurimit t\u00eb kufijve tan\u00eb dhe siguris\u00eb s\u00eb vendit ton\u00eb ose nj\u00eb gjykate t\u00eb huaj, un\u00eb do t\u00eb zgjedh sigurin\u00eb e vendit ton\u00eb secil\u00ebn her\u00eb\u201d.<\/p>\n<p>Duke e shtyr\u00eb k\u00ebt\u00eb, udh\u00ebheq\u00ebsi laburist tha se Mbret\u00ebria e Bashkuar \u201cnuk do t\u00eb t\u00ebrhiqet nga marr\u00ebveshjet nd\u00ebrkomb\u00ebtare dhe ligji nd\u00ebrkomb\u00ebtar q\u00eb respektohet n\u00eb t\u00eb gjith\u00eb bot\u00ebn\u201d.<\/p>\n<p>Ai tha se d\u00ebshironte q\u00eb Mbret\u00ebria e Bashkuar t\u00eb ishte nj\u00eb \u201clojtar i respektuar n\u00eb sken\u00ebn bot\u00ebrore, jo nj\u00eb i pabes\u00eb\u201d.<\/p>\n<p>Starmer ishte i prirur t\u00eb sugjeronte se kund\u00ebrshtari i tij nuk ishte n\u00eb kontakt dhe jetonte n\u00eb nj\u00eb \u201cbot\u00eb t\u00eb ndryshme\u201d.<\/p>\n<p>Vizatimi i nj\u00eb kontrasti midis prejardhjes s\u00eb tij dhe asaj t\u00eb kryeministrit ishte di\u00e7ka q\u00eb Starmer u p\u00ebrpoq t\u00eb b\u00ebnte gjat\u00eb gjith\u00eb koh\u00ebs, duke folur p\u00ebr \u201cankthin\u201d e nd\u00ebrprerjes s\u00eb telefonit pas nj\u00eb fatur\u00eb t\u00eb papaguar si f\u00ebmij\u00eb.<\/p>\n<p>Ai sugjeroi se kjo ishte di\u00e7ka me t\u00eb cil\u00ebn kryeministri nuk kishte p\u00ebrvoj\u00eb.<\/p>\n<p>Nj\u00eb ndarje e qart\u00eb midis lider\u00ebve erdhi kur atyre iu b\u00eb nj\u00eb \u201cpyetje po ose jo\u201d \u2013 n\u00ebse ata do t\u00eb kishin nj\u00eb t\u00eb dashur \u201cn\u00eb nj\u00eb list\u00eb t\u00eb gjat\u00eb pritjeje p\u00ebr operacion, a do ta p\u00ebrdornit privatisht, n\u00ebse mendoni se kjo ishte e vetmja rrug\u00eb p\u00ebrpara? kujdesit sh\u00ebndet\u00ebsor?\u201d.<\/p>\n<p>Ishte nj\u00eb \u201cpo\u201d nga Sunak dhe nj\u00eb \u201cjo\u201d nga Starmer \u2013 me liderin laburist duke folur p\u00ebr NHS-n\u00eb q\u00eb ishte n\u00eb ADN-n\u00eb e tij.<\/p>\n<p>N\u00eb pika t\u00eb ndryshme t\u00eb debatit, t\u00eb dy ishin t\u00eb prirur t\u00eb theksonin rolin e sh\u00ebrbimit sh\u00ebndet\u00ebsor t\u00eb Mbret\u00ebris\u00eb s\u00eb Bashkuar n\u00eb prejardhjen e tyre.<\/p>\n<p>Historia e Rishi Sunak p\u00ebr t\u2019u rritur si djali i nj\u00eb mjeku t\u00eb p\u00ebrgjithsh\u00ebm dhe nj\u00eb farmacisti do t\u00eb jet\u00eb e njohur p\u00ebr shum\u00eb njer\u00ebz \u2013 por ai do t\u00eb kishte shpresuar t\u00eb arrinte nj\u00eb audienc\u00eb t\u00eb re p\u00ebrmes debatit.<\/p>\n<p>N\u00eb m\u00ebnyr\u00eb t\u00eb ngjashme, Starmer foli p\u00ebr gruan dhe n\u00ebn\u00ebn e tij q\u00eb punonin p\u00ebr NHS.<\/p>\n<p>Ai foli gjithashtu p\u00ebr babain e tij q\u00eb ishte veglab\u00ebr\u00ebs dhe personi i par\u00eb n\u00eb familjen e tij q\u00eb shkoi n\u00eb universitet.<\/p>\n<p>Si Sunak dhe Starmer iu k\u00ebrkua t\u00eb ngrinin duart n\u00ebse do t\u00eb rrisnin tatimin mbi t\u00eb ardhurat, Sigurimin Komb\u00ebtar ose, me p\u00ebrjashtim t\u00eb politik\u00ebs s\u00eb Pun\u00ebs p\u00ebr shkollat \u200b\u200bprivate, TVSH-n\u00eb.<\/p>\n<p>Asnj\u00ebri nuk ngriti dor\u00ebn, duke shkaktuar pyetje se si do t\u00eb paguanin p\u00ebr politikat e tyre.<\/p>\n<p>Debati vazhdoi t\u00eb ishte i ndezur nd\u00ebrsa dyshja shpjeguan politikat e partive t\u00eb tyre p\u00ebr imigracionin, i cili \u00ebsht\u00eb hedhur n\u00eb qend\u00ebr t\u00eb v\u00ebmendjes pas kthimit t\u00eb Nigel Farage si lider i Reform\u00ebs n\u00eb Mbret\u00ebrin\u00eb e Bashkuar.<\/p>\n<p>Sunak sfidoi Sir Keir direkt n\u00eb planet e tij p\u00ebr imigracionin, duke folur shpesh si kund\u00ebr kund\u00ebrshtarit t\u00eb tij ashtu edhe kryetares, Julie Etchingham.<\/p>\n<p>Sir Keir u p\u00ebrgjigj: \u201cNe duhet t\u00eb shkat\u00ebrrojm\u00eb bandat q\u00eb drejtojn\u00eb k\u00ebt\u00eb tregti t\u00eb ndyr\u00eb, duke fituar nj\u00eb shum\u00eb t\u00eb madhe parash duke vendosur disa nga njer\u00ebzit m\u00eb t\u00eb rrezikuar n\u00eb varka p\u00ebrtej Kanalit\u201d, p\u00ebr t\u00eb duartrokitur nga audienca.<\/p>\n<p>I pyetur se si t\u00eb shkurtohen listat e pritjes s\u00eb NHS, audienca r\u00ebnkoi me z\u00eb t\u00eb lart\u00eb kur Sunak faj\u00ebsoi grevat e punonj\u00ebsve sh\u00ebndet\u00ebsor\u00eb p\u00ebr disa nga \u00e7\u00ebshtjet \u2013 por m\u00eb pas ai fitoi duartrokitje kur shtoi se taksat nuk duhet t\u00eb rriten p\u00ebr t\u00eb financuar NHS.<\/p>\n<p>The post <a rel=\"nofollow\" href=\"https:\/\/albanianpost.com\/sunak-dhe-starmer-perplasen-per-taksat-ne-debatin-e-pare\/\">Sunak dhe Starmer p\u00ebrplasen p\u00ebr taksat n\u00eb debatin e par\u00eb<\/a> appeared first on <a rel=\"nofollow\" href=\"https:\/\/albanianpost.com\/\">Albanian Post<\/a>.<\/p>\n","protected":false},"excerpt":{"rendered":"<p>Rishi Sunak dhe Sir Keir Starmer jan\u00eb p\u00ebrballur n\u00eb debatin e par\u00eb televiziv t\u00eb zgjedhjeve t\u00eb p\u00ebrgjithshme, me shk\u00ebmbime t\u00eb nxehta mbi taksat, NHS (sh\u00ebrbimin sh\u00ebndet\u00ebsor komb\u00ebtar britanik) dhe emigracionin. Udh\u00ebheq\u00ebsit konservator\u00eb dhe laburist\u00eb u m\u00ebrzit\u00ebn nganj\u00ebher\u00eb, duke detyruar drejtuesen e ngjarjes televizive t\u00eb nd\u00ebrhyj\u00eb dhe t\u2019i nxis\u00eb \u00e7iftin t\u00eb \u201cul\u00eb z\u00ebrin\u201d. Sunak tha se [&hellip;]<\/p>\n","protected":false},"author":1,"featured_media":4414,"comment_status":"open","ping_status":"open","sticky":false,"template":"","format":"standard","meta":{"footnotes":""},"categories":[1],"tags":[],"class_list":["post-4413","post","type-post","status-publish","format-standard","has-post-thumbnail","hentry","category-uncategorized"],"_links":{"self":[{"href":"https:\/\/radiogjilani.com\/index.php\/wp-json\/wp\/v2\/posts\/4413","targetHints":{"allow":["GET"]}}],"collection":[{"href":"https:\/\/radiogjilani.com\/index.php\/wp-json\/wp\/v2\/posts"}],"about":[{"href":"https:\/\/radiogjilani.com\/index.php\/wp-json\/wp\/v2\/types\/post"}],"author":[{"embeddable":true,"href":"https:\/\/radiogjilani.com\/index.php\/wp-json\/wp\/v2\/users\/1"}],"replies":[{"embeddable":true,"href":"https:\/\/radiogjilani.com\/index.php\/wp-json\/wp\/v2\/comments?post=4413"}],"version-history":[{"count":0,"href":"https:\/\/radiogjilani.com\/index.php\/wp-json\/wp\/v2\/posts\/4413\/revisions"}],"wp:featuredmedia":[{"embeddable":true,"href":"https:\/\/radiogjilani.com\/index.php\/wp-json\/wp\/v2\/media\/4414"}],"wp:attachment":[{"href":"https:\/\/radiogjilani.com\/index.php\/wp-json\/wp\/v2\/media?parent=4413"}],"wp:term":[{"taxonomy":"category","embeddable":true,"href":"https:\/\/radiogjilani.com\/index.php\/wp-json\/wp\/v2\/categories?post=4413"},{"taxonomy":"post_tag","embeddable":true,"href":"https:\/\/radiogjilani.com\/index.php\/wp-json\/wp\/v2\/tags?post=4413"}],"curies":[{"name":"wp","href":"https:\/\/api.w.org\/{rel}","templated":true}]}}