{"id":4483,"date":"2024-06-07T10:28:09","date_gmt":"2024-06-07T10:28:09","guid":{"rendered":"https:\/\/radiogjilani.com\/index.php\/2024\/06\/07\/u-d-kryeprokurori-i-shtetit-dhe-kryeprokurori-i-prokurorise-speciale-pjese-e-forumit-konsultativ-te-kryeprokuroreve-te-pergjithshem\/"},"modified":"2024-06-07T10:28:09","modified_gmt":"2024-06-07T10:28:09","slug":"u-d-kryeprokurori-i-shtetit-dhe-kryeprokurori-i-prokurorise-speciale-pjese-e-forumit-konsultativ-te-kryeprokuroreve-te-pergjithshem","status":"publish","type":"post","link":"https:\/\/radiogjilani.com\/index.php\/2024\/06\/07\/u-d-kryeprokurori-i-shtetit-dhe-kryeprokurori-i-prokurorise-speciale-pjese-e-forumit-konsultativ-te-kryeprokuroreve-te-pergjithshem\/","title":{"rendered":"U.D. Kryeprokurori i Shtetit dhe Kryeprokurori i Prokuroris\u00eb Speciale pjes\u00eb e Forumit Konsultativ t\u00eb kryeprokuror\u00ebve t\u00eb p\u00ebrgjithsh\u00ebm"},"content":{"rendered":"<p>Ushtruesi i Detyr\u00ebs s\u00eb Kryeprokurorit t\u00eb Shtetit, Besim Kelmendi s\u00eb bashku me Kryeprokurorin e Prokuroris\u00eb Speciale t\u00eb Republik\u00ebs s\u00eb Kosov\u00ebs, Blerim Isufaj dhe prokuroren e PSRK-s\u00eb, Ilirjana \u00c7ollaku \u2013 Tafa, kan\u00eb marr\u00eb pjes\u00eb n\u00eb Forumin Konsultativ t\u00eb kryeprokuror\u00ebve t\u00eb p\u00ebrgjithsh\u00ebm dhe kryeprokuror\u00ebve special t\u00eb Ballkanit Per\u00ebndimor q\u00eb \u00ebsht\u00eb mbajtur n\u00eb Budva t\u00eb Malit t\u00eb Zi, takim ky q\u00eb \u00ebsht\u00eb&#8230;<\/p>\n<p><a href=\"https:\/\/ekonomiaonline.com\/u-d-kryeprokurori-i-shtetit-dhe-kryeprokurori-i-prokurorise-speciale-pjese-e-forumit-konsultativ-te-kryeprokuroreve-te-pergjithshem\/\" rel=\"nofollow\">Source<\/a><\/p>\n","protected":false},"excerpt":{"rendered":"<p>Ushtruesi i Detyr\u00ebs s\u00eb Kryeprokurorit t\u00eb Shtetit, Besim Kelmendi s\u00eb bashku me Kryeprokurorin e Prokuroris\u00eb Speciale t\u00eb Republik\u00ebs s\u00eb Kosov\u00ebs, Blerim Isufaj dhe prokuroren e PSRK-s\u00eb, Ilirjana \u00c7ollaku \u2013 Tafa, kan\u00eb marr\u00eb pjes\u00eb n\u00eb Forumin Konsultativ t\u00eb kryeprokuror\u00ebve t\u00eb p\u00ebrgjithsh\u00ebm dhe kryeprokuror\u00ebve special t\u00eb Ballkanit Per\u00ebndimor q\u00eb \u00ebsht\u00eb mbajtur n\u00eb Budva t\u00eb Malit t\u00eb Zi, [&hellip;]<\/p>\n","protected":false},"author":1,"featured_media":4484,"comment_status":"open","ping_status":"open","sticky":false,"template":"","format":"standard","meta":{"footnotes":""},"categories":[19],"tags":[],"class_list":["post-4483","post","type-post","status-publish","format-standard","has-post-thumbnail","hentry","category-eko"],"_links":{"self":[{"href":"https:\/\/radiogjilani.com\/index.php\/wp-json\/wp\/v2\/posts\/4483","targetHints":{"allow":["GET"]}}],"collection":[{"href":"https:\/\/radiogjilani.com\/index.php\/wp-json\/wp\/v2\/posts"}],"about":[{"href":"https:\/\/radiogjilani.com\/index.php\/wp-json\/wp\/v2\/types\/post"}],"author":[{"embeddable":true,"href":"https:\/\/radiogjilani.com\/index.php\/wp-json\/wp\/v2\/users\/1"}],"replies":[{"embeddable":true,"href":"https:\/\/radiogjilani.com\/index.php\/wp-json\/wp\/v2\/comments?post=4483"}],"version-history":[{"count":0,"href":"https:\/\/radiogjilani.com\/index.php\/wp-json\/wp\/v2\/posts\/4483\/revisions"}],"wp:featuredmedia":[{"embeddable":true,"href":"https:\/\/radiogjilani.com\/index.php\/wp-json\/wp\/v2\/media\/4484"}],"wp:attachment":[{"href":"https:\/\/radiogjilani.com\/index.php\/wp-json\/wp\/v2\/media?parent=4483"}],"wp:term":[{"taxonomy":"category","embeddable":true,"href":"https:\/\/radiogjilani.com\/index.php\/wp-json\/wp\/v2\/categories?post=4483"},{"taxonomy":"post_tag","embeddable":true,"href":"https:\/\/radiogjilani.com\/index.php\/wp-json\/wp\/v2\/tags?post=4483"}],"curies":[{"name":"wp","href":"https:\/\/api.w.org\/{rel}","templated":true}]}}