{"id":4491,"date":"2024-06-07T10:28:05","date_gmt":"2024-06-07T10:28:05","guid":{"rendered":"https:\/\/radiogjilani.com\/index.php\/2024\/06\/07\/kurti-pjese-e-ceremonise-se-venies-se-gurthemelit-te-shkolles-se-mesme-ekonomike-ne-podujeve\/"},"modified":"2024-06-07T10:28:05","modified_gmt":"2024-06-07T10:28:05","slug":"kurti-pjese-e-ceremonise-se-venies-se-gurthemelit-te-shkolles-se-mesme-ekonomike-ne-podujeve","status":"publish","type":"post","link":"https:\/\/radiogjilani.com\/index.php\/2024\/06\/07\/kurti-pjese-e-ceremonise-se-venies-se-gurthemelit-te-shkolles-se-mesme-ekonomike-ne-podujeve\/","title":{"rendered":"Kurti pjes\u00eb e ceremonis\u00eb s\u00eb v\u00ebnies s\u00eb gurthemelit t\u00eb Shkoll\u00ebs s\u00eb Mesme Ekonomike n\u00eb Podujev\u00eb"},"content":{"rendered":"<p>Kryeministri i Kosov\u00ebs, Albin Kurti, do t\u00eb marr\u00eb pjes\u00eb n\u00eb ceremonin\u00eb e v\u00ebni\u00ebs s\u00eb gurthemelit p\u00ebr nd\u00ebrtimin e objektit t\u00eb Shkoll\u00ebs s\u00eb Mesme Ekonomike \u201cIsa Boletini\u201d n\u00eb Podujev\u00eb. Sipas njoftimit, ceremonia mbah\u00ebt k\u00ebt\u00eb t\u00eb shtun\u00eb. Pos kryeministrit, aty merr pjes\u00eb edhe kryKurti pjes\u00eb e ceremonis\u00eb s\u00eb v\u00ebnies s\u00eb gurthemelit t\u00eb Shkoll\u00ebs s\u00eb Mesme Ekonomike n\u00eb Podujev\u00ebetari i Komun\u00ebs s\u00eb Podujev\u00ebs&#8230;<\/p>\n<p><a href=\"https:\/\/ekonomiaonline.com\/kurti-pjese-e-ceremonise-se-venies-se-gurthemelit-te-shkolles-se-mesme-ekonomike-ne-podujeve\/\" rel=\"nofollow\">Source<\/a><\/p>\n","protected":false},"excerpt":{"rendered":"<p>Kryeministri i Kosov\u00ebs, Albin Kurti, do t\u00eb marr\u00eb pjes\u00eb n\u00eb ceremonin\u00eb e v\u00ebni\u00ebs s\u00eb gurthemelit p\u00ebr nd\u00ebrtimin e objektit t\u00eb Shkoll\u00ebs s\u00eb Mesme Ekonomike \u201cIsa Boletini\u201d n\u00eb Podujev\u00eb. Sipas njoftimit, ceremonia mbah\u00ebt k\u00ebt\u00eb t\u00eb shtun\u00eb. Pos kryeministrit, aty merr pjes\u00eb edhe kryKurti pjes\u00eb e ceremonis\u00eb s\u00eb v\u00ebnies s\u00eb gurthemelit t\u00eb Shkoll\u00ebs s\u00eb Mesme Ekonomike n\u00eb [&hellip;]<\/p>\n","protected":false},"author":1,"featured_media":4492,"comment_status":"open","ping_status":"open","sticky":false,"template":"","format":"standard","meta":{"footnotes":""},"categories":[19],"tags":[],"class_list":["post-4491","post","type-post","status-publish","format-standard","has-post-thumbnail","hentry","category-eko"],"_links":{"self":[{"href":"https:\/\/radiogjilani.com\/index.php\/wp-json\/wp\/v2\/posts\/4491","targetHints":{"allow":["GET"]}}],"collection":[{"href":"https:\/\/radiogjilani.com\/index.php\/wp-json\/wp\/v2\/posts"}],"about":[{"href":"https:\/\/radiogjilani.com\/index.php\/wp-json\/wp\/v2\/types\/post"}],"author":[{"embeddable":true,"href":"https:\/\/radiogjilani.com\/index.php\/wp-json\/wp\/v2\/users\/1"}],"replies":[{"embeddable":true,"href":"https:\/\/radiogjilani.com\/index.php\/wp-json\/wp\/v2\/comments?post=4491"}],"version-history":[{"count":0,"href":"https:\/\/radiogjilani.com\/index.php\/wp-json\/wp\/v2\/posts\/4491\/revisions"}],"wp:featuredmedia":[{"embeddable":true,"href":"https:\/\/radiogjilani.com\/index.php\/wp-json\/wp\/v2\/media\/4492"}],"wp:attachment":[{"href":"https:\/\/radiogjilani.com\/index.php\/wp-json\/wp\/v2\/media?parent=4491"}],"wp:term":[{"taxonomy":"category","embeddable":true,"href":"https:\/\/radiogjilani.com\/index.php\/wp-json\/wp\/v2\/categories?post=4491"},{"taxonomy":"post_tag","embeddable":true,"href":"https:\/\/radiogjilani.com\/index.php\/wp-json\/wp\/v2\/tags?post=4491"}],"curies":[{"name":"wp","href":"https:\/\/api.w.org\/{rel}","templated":true}]}}