{"id":4499,"date":"2024-06-07T10:28:01","date_gmt":"2024-06-07T10:28:01","guid":{"rendered":"https:\/\/radiogjilani.com\/index.php\/2024\/06\/07\/vleresohet-jeta-dhe-vepra-e-akademik-rexhep-ferrit-kurti-vepra-e-tij-do-ti-percjelle-brezat-e-rinj\/"},"modified":"2024-06-07T10:28:01","modified_gmt":"2024-06-07T10:28:01","slug":"vleresohet-jeta-dhe-vepra-e-akademik-rexhep-ferrit-kurti-vepra-e-tij-do-ti-percjelle-brezat-e-rinj","status":"publish","type":"post","link":"https:\/\/radiogjilani.com\/index.php\/2024\/06\/07\/vleresohet-jeta-dhe-vepra-e-akademik-rexhep-ferrit-kurti-vepra-e-tij-do-ti-percjelle-brezat-e-rinj\/","title":{"rendered":"Vler\u00ebsohet jeta dhe vepra e akademik Rexhep Ferrit, Kurti: Vepra e tij do t\u2019i p\u00ebrcjell\u00eb brezat e rinj"},"content":{"rendered":"<p>M\u00eb nj\u00eb minut\u00eb heshtje, N\u00eb respekt t\u00eb jet\u00ebs dhe vepr\u00ebs s\u00eb akademik Rexhep Ferrit, ka filluar mbledhja komemorative dhe homazhe. Kryeministri i vendit, Albin Kurti tha se veprimtaria e akademikut dhe artistit, Rexhep Ferri do vazhdon t\u00eb jehoj edhe tek brezat e rinj t\u00eb cil\u00ebt do ken\u00eb shum\u00eb p\u00ebr t\u00eb m\u00ebsuar nga ai. \u201cArtisti Rexhep Ferri nuk na l\u00eb dot, vepra e tij do i p\u00ebrcjell edhe brezat e rinj t\u00eb cil\u00ebt&#8230;<\/p>\n<p><a href=\"https:\/\/ekonomiaonline.com\/vleresohet-jeta-dhe-vepra-e-akademik-rexhep-ferrit-kurti-vepra-e-tij-do-ti-percjelle-brezat-e-rinj\/\" rel=\"nofollow\">Source<\/a><\/p>\n","protected":false},"excerpt":{"rendered":"<p>M\u00eb nj\u00eb minut\u00eb heshtje, N\u00eb respekt t\u00eb jet\u00ebs dhe vepr\u00ebs s\u00eb akademik Rexhep Ferrit, ka filluar mbledhja komemorative dhe homazhe. Kryeministri i vendit, Albin Kurti tha se veprimtaria e akademikut dhe artistit, Rexhep Ferri do vazhdon t\u00eb jehoj edhe tek brezat e rinj t\u00eb cil\u00ebt do ken\u00eb shum\u00eb p\u00ebr t\u00eb m\u00ebsuar nga ai. \u201cArtisti Rexhep [&hellip;]<\/p>\n","protected":false},"author":1,"featured_media":4500,"comment_status":"open","ping_status":"open","sticky":false,"template":"","format":"standard","meta":{"footnotes":""},"categories":[19],"tags":[],"class_list":["post-4499","post","type-post","status-publish","format-standard","has-post-thumbnail","hentry","category-eko"],"_links":{"self":[{"href":"https:\/\/radiogjilani.com\/index.php\/wp-json\/wp\/v2\/posts\/4499","targetHints":{"allow":["GET"]}}],"collection":[{"href":"https:\/\/radiogjilani.com\/index.php\/wp-json\/wp\/v2\/posts"}],"about":[{"href":"https:\/\/radiogjilani.com\/index.php\/wp-json\/wp\/v2\/types\/post"}],"author":[{"embeddable":true,"href":"https:\/\/radiogjilani.com\/index.php\/wp-json\/wp\/v2\/users\/1"}],"replies":[{"embeddable":true,"href":"https:\/\/radiogjilani.com\/index.php\/wp-json\/wp\/v2\/comments?post=4499"}],"version-history":[{"count":0,"href":"https:\/\/radiogjilani.com\/index.php\/wp-json\/wp\/v2\/posts\/4499\/revisions"}],"wp:featuredmedia":[{"embeddable":true,"href":"https:\/\/radiogjilani.com\/index.php\/wp-json\/wp\/v2\/media\/4500"}],"wp:attachment":[{"href":"https:\/\/radiogjilani.com\/index.php\/wp-json\/wp\/v2\/media?parent=4499"}],"wp:term":[{"taxonomy":"category","embeddable":true,"href":"https:\/\/radiogjilani.com\/index.php\/wp-json\/wp\/v2\/categories?post=4499"},{"taxonomy":"post_tag","embeddable":true,"href":"https:\/\/radiogjilani.com\/index.php\/wp-json\/wp\/v2\/tags?post=4499"}],"curies":[{"name":"wp","href":"https:\/\/api.w.org\/{rel}","templated":true}]}}