{"id":4503,"date":"2024-06-07T10:29:14","date_gmt":"2024-06-07T10:29:14","guid":{"rendered":"https:\/\/radiogjilani.com\/index.php\/2024\/06\/07\/shorti-i-europianit-u-19-per-vajza-shqiperia-meson-kundershtaret\/"},"modified":"2024-06-07T10:29:14","modified_gmt":"2024-06-07T10:29:14","slug":"shorti-i-europianit-u-19-per-vajza-shqiperia-meson-kundershtaret","status":"publish","type":"post","link":"https:\/\/radiogjilani.com\/index.php\/2024\/06\/07\/shorti-i-europianit-u-19-per-vajza-shqiperia-meson-kundershtaret\/","title":{"rendered":"Shorti i Europianit U-19 p\u00ebr vajza: Shqip\u00ebria m\u00ebson kund\u00ebrshtar\u00ebt"},"content":{"rendered":"<p>Edhe Komb\u00ebtarja U-19 p\u00ebr vajza m\u00ebsoi k\u00ebt\u00eb t\u00eb premte emrat e skuadrave kund\u00ebrshtare q\u00eb do t\u00eb ket\u00eb p\u00ebrball\u00eb n\u00eb faz\u00ebn e par\u00eb kualifikuese t\u00eb Kampionatit Europian 2024-2025 p\u00ebr k\u00ebt\u00eb grupmosh\u00eb.<\/p>\n<p>N\u00eb shortin e hedhur paraditen e sotme n\u00eb selin\u00eb e UEFA-s, vajzat kuqezi m\u00ebsuan se do t\u00eb ken\u00eb p\u00ebrball\u00eb Bjellorusin\u00eb, Malin e Zi dhe Moldavin\u00eb, teksa do t\u00eb jen\u00eb pjes\u00eb e grupit B1 n\u00eb Lig\u00ebn B.<\/p>\n<p>Edhe n\u00eb k\u00ebt\u00eb fushat\u00eb eliminatoresh t\u00eb vlefshme p\u00ebr Kampionatin Europian 2023-2024, Shqip\u00ebria U-19 do t\u00eb jet\u00eb pjes\u00eb e Lig\u00ebs B, ku do t\u00eb garoj\u00eb p\u00ebr t\u00eb siguruar kalimin n\u00eb Lig\u00ebn A.<\/p>\n<p>Vendi organizator i k\u00ebtij mini-turneu do t\u00eb vendoset me kompromis mes kat\u00ebr federatave: FSHF, Federata Bjelloruse e Futbollit, Federata Malazeze e Futbollit dhe Federata e Moldavis\u00eb.<\/p>\n<div class=\"ads square\">\n<p><a href=\"https:\/\/track.adform.net\/C\/?bn=73199340;C=0\" target=\"_blank\" rel=\"noopener\"><\/p>\n<p><img loading=\"lazy\" decoding=\"async\" src=\"https:\/\/track.adform.net\/adfserve\/?bn=73199340;srctype=4;ord=%5Btimestamp%5D\" border=\"0\" width=\"300\" height=\"250\" alt=\"\"><\/p>\n<p><\/a><\/p><\/div>\n<p>The post <a rel=\"nofollow\" href=\"https:\/\/albanianpost.com\/shorti-i-europianit-u-19-per-vajza-shqiperia-meson-kundershtaret\/\">Shorti i Europianit U-19 p\u00ebr vajza: Shqip\u00ebria m\u00ebson kund\u00ebrshtar\u00ebt<\/a> appeared first on <a rel=\"nofollow\" href=\"https:\/\/albanianpost.com\/\">Albanian Post<\/a>.<\/p>\n","protected":false},"excerpt":{"rendered":"<p>Edhe Komb\u00ebtarja U-19 p\u00ebr vajza m\u00ebsoi k\u00ebt\u00eb t\u00eb premte emrat e skuadrave kund\u00ebrshtare q\u00eb do t\u00eb ket\u00eb p\u00ebrball\u00eb n\u00eb faz\u00ebn e par\u00eb kualifikuese t\u00eb Kampionatit Europian 2024-2025 p\u00ebr k\u00ebt\u00eb grupmosh\u00eb. N\u00eb shortin e hedhur paraditen e sotme n\u00eb selin\u00eb e UEFA-s, vajzat kuqezi m\u00ebsuan se do t\u00eb ken\u00eb p\u00ebrball\u00eb Bjellorusin\u00eb, Malin e Zi dhe Moldavin\u00eb, [&hellip;]<\/p>\n","protected":false},"author":1,"featured_media":4504,"comment_status":"open","ping_status":"open","sticky":false,"template":"","format":"standard","meta":{"footnotes":""},"categories":[1],"tags":[],"class_list":["post-4503","post","type-post","status-publish","format-standard","has-post-thumbnail","hentry","category-uncategorized"],"_links":{"self":[{"href":"https:\/\/radiogjilani.com\/index.php\/wp-json\/wp\/v2\/posts\/4503","targetHints":{"allow":["GET"]}}],"collection":[{"href":"https:\/\/radiogjilani.com\/index.php\/wp-json\/wp\/v2\/posts"}],"about":[{"href":"https:\/\/radiogjilani.com\/index.php\/wp-json\/wp\/v2\/types\/post"}],"author":[{"embeddable":true,"href":"https:\/\/radiogjilani.com\/index.php\/wp-json\/wp\/v2\/users\/1"}],"replies":[{"embeddable":true,"href":"https:\/\/radiogjilani.com\/index.php\/wp-json\/wp\/v2\/comments?post=4503"}],"version-history":[{"count":0,"href":"https:\/\/radiogjilani.com\/index.php\/wp-json\/wp\/v2\/posts\/4503\/revisions"}],"wp:featuredmedia":[{"embeddable":true,"href":"https:\/\/radiogjilani.com\/index.php\/wp-json\/wp\/v2\/media\/4504"}],"wp:attachment":[{"href":"https:\/\/radiogjilani.com\/index.php\/wp-json\/wp\/v2\/media?parent=4503"}],"wp:term":[{"taxonomy":"category","embeddable":true,"href":"https:\/\/radiogjilani.com\/index.php\/wp-json\/wp\/v2\/categories?post=4503"},{"taxonomy":"post_tag","embeddable":true,"href":"https:\/\/radiogjilani.com\/index.php\/wp-json\/wp\/v2\/tags?post=4503"}],"curies":[{"name":"wp","href":"https:\/\/api.w.org\/{rel}","templated":true}]}}