{"id":4521,"date":"2024-06-07T10:29:05","date_gmt":"2024-06-07T10:29:05","guid":{"rendered":"https:\/\/radiogjilani.com\/index.php\/2024\/06\/07\/shorti-i-euro-u-17-per-vajza-shqiperia-dhe-kosova-bien-ne-te-njejtin-grup\/"},"modified":"2024-06-07T10:29:05","modified_gmt":"2024-06-07T10:29:05","slug":"shorti-i-euro-u-17-per-vajza-shqiperia-dhe-kosova-bien-ne-te-njejtin-grup","status":"publish","type":"post","link":"https:\/\/radiogjilani.com\/index.php\/2024\/06\/07\/shorti-i-euro-u-17-per-vajza-shqiperia-dhe-kosova-bien-ne-te-njejtin-grup\/","title":{"rendered":"Shorti i Euro U-17 p\u00ebr vajza: Shqip\u00ebria dhe Kosova bien n\u00eb t\u00eb nj\u00ebjtin grup"},"content":{"rendered":"<p>\u00cbsht\u00eb hedhur k\u00ebt\u00eb t\u00eb premte n\u00eb selin\u00eb e UEFA-s n\u00eb Nion t\u00eb Zvicr\u00ebs shorti p\u00ebr raundin e par\u00eb kualifikues t\u00eb Kampionatit Europian U-17 p\u00ebr vajza p\u00ebr edicionin 2024-2025.<\/p>\n<p>Shorti e vendosi Shqip\u00ebrin\u00eb n\u00eb Grupin B4 t\u00eb Lig\u00ebs B, s\u00eb bashku me Kosov\u00ebn dhe Izraelin.<\/p>\n<p>P\u00ebrfaq\u00ebsuesja shqiptare U-17 p\u00ebr vajza merr pjes\u00eb edhe n\u00eb k\u00ebt\u00eb edicion t\u00eb Evropianit n\u00eb Lig\u00ebn B, ku do t\u00eb garoj\u00eb p\u00ebr t\u00eb siguruar ngjitjen n\u00eb Lig\u00ebn A.<\/p>\n<p>Trajnerja e re e p\u00ebrfaq\u00ebsueses U-17 p\u00ebr vajza, Cyme Lulaj do t\u00eb debutoj\u00eb zyrtarisht n\u00eb stolin kuqezi n\u00eb k\u00ebt\u00eb raund t\u00eb par\u00eb kualifikues t\u00eb Evropianit 2024-2025 p\u00ebr vajza.<\/p>\n<div class=\"ads square\">\n<p><a href=\"https:\/\/track.adform.net\/C\/?bn=73199340;C=0\" target=\"_blank\" rel=\"noopener\"><\/p>\n<p><img loading=\"lazy\" decoding=\"async\" src=\"https:\/\/track.adform.net\/adfserve\/?bn=73199340;srctype=4;ord=%5Btimestamp%5D\" border=\"0\" width=\"300\" height=\"250\" alt=\"\"><\/p>\n<p><\/a><\/p><\/div>\n<p>Tre federatat e tre skuadrave pjes\u00ebmarr\u00ebse t\u00eb grupit B4 do t\u00eb diskutojn\u00eb s\u00eb bashku p\u00ebr t\u00eb gjetur kompromisin p\u00ebr vendin q\u00eb do t\u00eb organizoj\u00eb k\u00ebt\u00eb mini-turne.<\/p>\n<p>Vitet e fundit, UEFA dhe federatat e tjera ia kan\u00eb besuar FSHF-s\u00eb organizimin e k\u00ebtyre mini-turneve europian\u00eb.<\/p>\n<p>The post <a rel=\"nofollow\" href=\"https:\/\/albanianpost.com\/shorti-i-euro-u-17-per-vajza-shqiperia-dhe-kosova-bien-ne-te-njejtin-grup\/\">Shorti i Euro U-17 p\u00ebr vajza: Shqip\u00ebria dhe Kosova bien n\u00eb t\u00eb nj\u00ebjtin grup<\/a> appeared first on <a rel=\"nofollow\" href=\"https:\/\/albanianpost.com\/\">Albanian Post<\/a>.<\/p>\n","protected":false},"excerpt":{"rendered":"<p>\u00cbsht\u00eb hedhur k\u00ebt\u00eb t\u00eb premte n\u00eb selin\u00eb e UEFA-s n\u00eb Nion t\u00eb Zvicr\u00ebs shorti p\u00ebr raundin e par\u00eb kualifikues t\u00eb Kampionatit Europian U-17 p\u00ebr vajza p\u00ebr edicionin 2024-2025. Shorti e vendosi Shqip\u00ebrin\u00eb n\u00eb Grupin B4 t\u00eb Lig\u00ebs B, s\u00eb bashku me Kosov\u00ebn dhe Izraelin. P\u00ebrfaq\u00ebsuesja shqiptare U-17 p\u00ebr vajza merr pjes\u00eb edhe n\u00eb k\u00ebt\u00eb edicion [&hellip;]<\/p>\n","protected":false},"author":1,"featured_media":4522,"comment_status":"open","ping_status":"open","sticky":false,"template":"","format":"standard","meta":{"footnotes":""},"categories":[1],"tags":[],"class_list":["post-4521","post","type-post","status-publish","format-standard","has-post-thumbnail","hentry","category-uncategorized"],"_links":{"self":[{"href":"https:\/\/radiogjilani.com\/index.php\/wp-json\/wp\/v2\/posts\/4521","targetHints":{"allow":["GET"]}}],"collection":[{"href":"https:\/\/radiogjilani.com\/index.php\/wp-json\/wp\/v2\/posts"}],"about":[{"href":"https:\/\/radiogjilani.com\/index.php\/wp-json\/wp\/v2\/types\/post"}],"author":[{"embeddable":true,"href":"https:\/\/radiogjilani.com\/index.php\/wp-json\/wp\/v2\/users\/1"}],"replies":[{"embeddable":true,"href":"https:\/\/radiogjilani.com\/index.php\/wp-json\/wp\/v2\/comments?post=4521"}],"version-history":[{"count":0,"href":"https:\/\/radiogjilani.com\/index.php\/wp-json\/wp\/v2\/posts\/4521\/revisions"}],"wp:featuredmedia":[{"embeddable":true,"href":"https:\/\/radiogjilani.com\/index.php\/wp-json\/wp\/v2\/media\/4522"}],"wp:attachment":[{"href":"https:\/\/radiogjilani.com\/index.php\/wp-json\/wp\/v2\/media?parent=4521"}],"wp:term":[{"taxonomy":"category","embeddable":true,"href":"https:\/\/radiogjilani.com\/index.php\/wp-json\/wp\/v2\/categories?post=4521"},{"taxonomy":"post_tag","embeddable":true,"href":"https:\/\/radiogjilani.com\/index.php\/wp-json\/wp\/v2\/tags?post=4521"}],"curies":[{"name":"wp","href":"https:\/\/api.w.org\/{rel}","templated":true}]}}