{"id":4523,"date":"2024-06-07T10:29:44","date_gmt":"2024-06-07T10:29:44","guid":{"rendered":"https:\/\/radiogjilani.com\/index.php\/2024\/06\/07\/blero-tregon-se-pse-nuk-u-publikua-intervista-me-afronen\/"},"modified":"2024-06-07T10:29:44","modified_gmt":"2024-06-07T10:29:44","slug":"blero-tregon-se-pse-nuk-u-publikua-intervista-me-afronen","status":"publish","type":"post","link":"https:\/\/radiogjilani.com\/index.php\/2024\/06\/07\/blero-tregon-se-pse-nuk-u-publikua-intervista-me-afronen\/","title":{"rendered":"Blero tregon se pse nuk u publikua intervista me Afron\u00ebn"},"content":{"rendered":"<p><strong>K\u00ebng\u00ebtarja shqiptare me fam\u00eb bot\u00ebrore, Rita Ora, \u00ebsht\u00eb befasuar s\u00eb fundmi me prezenc\u00ebn e nj\u00eb bashk\u00ebkomb\u00ebsi n\u00eb nj\u00eb radio n\u00eb Skoci.<\/strong><\/p>\n<p>K\u00ebng\u00ebtarja ishte duke dh\u00ebn\u00eb nj\u00eb intervist\u00eb n\u00eb emisionin e m\u00ebngjesit n\u00eb Capital FM t\u00eb Skocis\u00eb, kur m\u00ebsoi se nj\u00eb nga prezantuesit, i quajtur Fat, emri i plot\u00eb i s\u00eb cilit \u00ebsht\u00eb Fat Brestovci ishte gjithashtu shqiptar nga Kosova. Ai kishte nj\u00eb m\u00ebnyr\u00eb t\u00eb ve\u00e7ant\u00eb p\u00ebr t\u2019i uruar mir\u00ebseardhjen \u2013 me nj\u00eb p\u00ebrsh\u00ebndetje n\u00eb gjuh\u00ebn shqipe.<\/p>\n<p>\u201cMir\u00ebngjesi Rita, mir\u00ebse erdhe n\u00eb Capital Breakfast\u201d, iu drejtua ai, nd\u00ebrsa Rita, pa humbur asnj\u00eb moment, iu p\u00ebrgjigj me po aq ngroht\u00ebsi n\u00eb shqip \u201cMir\u00ebm\u00ebngjesi\u201d.<\/p>\n<p>E entuziazmuar nga kjo p\u00ebrvoj\u00eb, Rita nuk ngurroi t\u00eb shpreh\u00eb \u00e7udin\u00eb dhe g\u00ebzimin e saj. \u201c\u00cbsht\u00eb v\u00ebrtet nj\u00eb \u00e7menduri, m\u00eb treguan para se t\u00eb vija. Nuk kam takuar kurr\u00eb n\u00eb jet\u00ebn time dik\u00eb q\u00eb vjen nga vendi im dhe ka theks skocez. Kjo \u00ebsht\u00eb e mrekullueshme\u201d, tha k\u00ebng\u00ebtarja n\u00eb intervist\u00ebn e saj.<\/p>\n<blockquote class=\"instagram-media\" data-instgrm-captioned=\"\" data-instgrm-permalink=\"https:\/\/www.instagram.com\/reel\/C7wOjg_KDLj\/?utm_source=ig_embed&#038;utm_campaign=loading\" data-instgrm-version=\"14\">\n<div>\n<p>\u00a0<\/p>\n<div>\n<div><\/div>\n<div>\n<div><\/div>\n<div><\/div>\n<\/div>\n<\/div>\n<div><\/div>\n<div><\/div>\n<div>\n<div>View this post on Instagram<\/div>\n<\/div>\n<div><\/div>\n<div>\n<div>\n<div><\/div>\n<div><\/div>\n<div><\/div>\n<\/div>\n<div>\n<div><\/div>\n<div><\/div>\n<\/div>\n<div>\n<div><\/div>\n<div><\/div>\n<div><\/div>\n<\/div>\n<\/div>\n<div>\n<div><\/div>\n<div><\/div>\n<\/div>\n<p>\u00a0<\/p>\n<p><a href=\"https:\/\/www.instagram.com\/reel\/C7wOjg_KDLj\/?utm_source=ig_embed&#038;utm_campaign=loading\" target=\"_blank\" rel=\"noopener\">A post shared by Capital Scotland (@capitalscotland)<\/a><\/p>\n<\/div>\n<\/blockquote>\n<ul class=\"op-related-articles\" title=\"Showtime\">\n<li><a href=\"https:\/\/gazetablic.com\/blero-tregon-se-pse-nuk-u-publikua-intervista-me-afronen\/\"><\/a><\/li>\n<li><a href=\"https:\/\/gazetablic.com\/kaderi-publikon-fotografi-nga-pushimet-ne-greqi\/\"><\/a><\/li>\n<li><a href=\"https:\/\/gazetablic.com\/miremengjesi-rita-ora-befasohet-ne-ne-nje-radio-ne-skoci-moderatori-del-te-jete-shqiptar\/\"><\/a><\/li>\n<\/ul>\n<p>The post <a rel=\"nofollow\" href=\"https:\/\/gazetablic.com\/miremengjesi-rita-ora-befasohet-ne-ne-nje-radio-ne-skoci-moderatori-del-te-jete-shqiptar\/\">\u201cMir\u00ebm\u00ebngjesi\u201d, Rita Ora befasohet n\u00eb n\u00eb nj\u00eb radio n\u00eb Skoci, moderatori del t\u00eb jet\u00eb shqiptar<\/a> appeared first on <a rel=\"nofollow\" href=\"https:\/\/gazetablic.com\/\">GazetaBlic<\/a>.<\/p>\n","protected":false},"excerpt":{"rendered":"<p>K\u00ebng\u00ebtarja shqiptare me fam\u00eb bot\u00ebrore, Rita Ora, \u00ebsht\u00eb befasuar s\u00eb fundmi me prezenc\u00ebn e nj\u00eb bashk\u00ebkomb\u00ebsi n\u00eb nj\u00eb radio n\u00eb Skoci. K\u00ebng\u00ebtarja ishte duke dh\u00ebn\u00eb nj\u00eb intervist\u00eb n\u00eb emisionin e m\u00ebngjesit n\u00eb Capital FM t\u00eb Skocis\u00eb, kur m\u00ebsoi se nj\u00eb nga prezantuesit, i quajtur Fat, emri i plot\u00eb i s\u00eb cilit \u00ebsht\u00eb Fat Brestovci ishte [&hellip;]<\/p>\n","protected":false},"author":1,"featured_media":4524,"comment_status":"open","ping_status":"open","sticky":false,"template":"","format":"standard","meta":{"footnotes":""},"categories":[22],"tags":[],"class_list":["post-4523","post","type-post","status-publish","format-standard","has-post-thumbnail","hentry","category-showbiz"],"_links":{"self":[{"href":"https:\/\/radiogjilani.com\/index.php\/wp-json\/wp\/v2\/posts\/4523","targetHints":{"allow":["GET"]}}],"collection":[{"href":"https:\/\/radiogjilani.com\/index.php\/wp-json\/wp\/v2\/posts"}],"about":[{"href":"https:\/\/radiogjilani.com\/index.php\/wp-json\/wp\/v2\/types\/post"}],"author":[{"embeddable":true,"href":"https:\/\/radiogjilani.com\/index.php\/wp-json\/wp\/v2\/users\/1"}],"replies":[{"embeddable":true,"href":"https:\/\/radiogjilani.com\/index.php\/wp-json\/wp\/v2\/comments?post=4523"}],"version-history":[{"count":0,"href":"https:\/\/radiogjilani.com\/index.php\/wp-json\/wp\/v2\/posts\/4523\/revisions"}],"wp:featuredmedia":[{"embeddable":true,"href":"https:\/\/radiogjilani.com\/index.php\/wp-json\/wp\/v2\/media\/4524"}],"wp:attachment":[{"href":"https:\/\/radiogjilani.com\/index.php\/wp-json\/wp\/v2\/media?parent=4523"}],"wp:term":[{"taxonomy":"category","embeddable":true,"href":"https:\/\/radiogjilani.com\/index.php\/wp-json\/wp\/v2\/categories?post=4523"},{"taxonomy":"post_tag","embeddable":true,"href":"https:\/\/radiogjilani.com\/index.php\/wp-json\/wp\/v2\/tags?post=4523"}],"curies":[{"name":"wp","href":"https:\/\/api.w.org\/{rel}","templated":true}]}}