{"id":4577,"date":"2024-06-08T10:43:45","date_gmt":"2024-06-08T10:43:45","guid":{"rendered":"https:\/\/radiogjilani.com\/index.php\/2024\/06\/08\/lista-serbe-takohet-me-gjuric-in-e-petkovic-in-ne-serbi-diskutohet-situata-politike-dhe-e-sigurise-ne-kosove\/"},"modified":"2024-06-08T10:43:45","modified_gmt":"2024-06-08T10:43:45","slug":"lista-serbe-takohet-me-gjuric-in-e-petkovic-in-ne-serbi-diskutohet-situata-politike-dhe-e-sigurise-ne-kosove","status":"publish","type":"post","link":"https:\/\/radiogjilani.com\/index.php\/2024\/06\/08\/lista-serbe-takohet-me-gjuric-in-e-petkovic-in-ne-serbi-diskutohet-situata-politike-dhe-e-sigurise-ne-kosove\/","title":{"rendered":"Lista Serbe takohet me Gjuri\u00e7-in e Petkovi\u00e7-in n\u00eb Serbi, diskutohet situata politike dhe e siguris\u00eb n\u00eb Kosov\u00eb"},"content":{"rendered":"<p>P\u00ebrfaq\u00ebsuesit e List\u00ebs Serbe, t\u00eb premten, n\u00eb Serbi kan\u00eb takuar ministrin e Pun\u00ebve t\u00eb Jashtme, Marko Gjuri\u00e7 dhe t\u00eb ashtuquajturin drejtorin e Zyr\u00ebs p\u00ebr Kosov\u00ebn n\u00eb Qeverin\u00eb e Serbis\u00eb, Petar Petkovi\u00e7.<\/p>\n<p>Si\u00e7 raportojn\u00eb mediat serbe tema e takimit ka qen\u00eb situata politike dhe e siguris\u00eb n\u00eb Kosov\u00eb.<\/p>\n<p>Sipas mediumit serb me seli n\u00eb Kosov\u00eb, Kosovo Online, p\u00ebrfaq\u00ebsuesit e List\u00ebs Serbe i kan\u00eb raportuar Gjuri\u00e7-it e Petkovi\u00e7-it \u201cp\u00ebr t\u00eb gjitha sfidat dhe problemet me t\u00eb cilat ballafaqohet populli serb\u201d.<\/p>\n<p>N\u00eb an\u00ebn tjet\u00ebr kryediplomati serb pas takimit ka theksuar se t\u00eb gjitha kapacitetet e diplomacis\u00eb serbe do t\u00eb vihen n\u00eb sh\u00ebrbim \u201ct\u00eb luft\u00ebs p\u00ebr mbrojtjen e interesave serbe n\u00eb Kosov\u00eb\u201d.<\/p>\n<div class=\"ads square\">\n<p><a href=\"https:\/\/track.adform.net\/C\/?bn=73199340;C=0\" target=\"_blank\" rel=\"noopener\"><\/p>\n<p><img loading=\"lazy\" decoding=\"async\" src=\"https:\/\/track.adform.net\/adfserve\/?bn=73199340;srctype=4;ord=%5Btimestamp%5D\" border=\"0\" width=\"300\" height=\"250\" alt=\"\"><\/p>\n<p><\/a><\/p><\/div>\n<p>\u201cNe do ta kthejm\u00eb secil\u00ebn zyr\u00eb ton\u00eb diplomatike dhe konsullore n\u00eb nj\u00eb lloj zyre t\u00eb vog\u00ebl p\u00ebr Kosov\u00ebn, sepse t\u00eb gjith\u00eb duhet t\u00eb jen\u00eb t\u00eb vet\u00ebdijsh\u00ebm se \u00e7far\u00eb po ndodh dhe me \u00e7ka po p\u00ebrballen \u00e7do dit\u00eb njer\u00ebzit tan\u00eb n\u00eb Kosov\u00eb\u201d, ka shkruar ai n\u00eb platform\u00ebn sociale, X.<\/p>\n<p>Sipas Gjuri\u00e7 konkluzioni i p\u00ebrbashk\u00ebt q\u00eb u arrit n\u00eb takim me p\u00ebrfaq\u00ebsuesit e List\u00ebs Serbe \u00ebsht\u00eb se \u201cforca e unitetit serb ka qen\u00eb gjithmon\u00eb dhe do t\u00eb jet\u00eb mburoja m\u00eb e fort\u00eb dhe p\u00ebrgjigja m\u00eb e z\u00ebshme p\u00ebr t\u00eb gjith\u00eb ata q\u00eb mendojn\u00eb se mund ta shuajn\u00eb shk\u00ebndij\u00ebn e ekzistenc\u00ebs serbe dhe emrin e mbiemrin serb n\u00eb zon\u00ebn e \u200bKosov\u00ebs\u201d<\/p>\n<p>The post <a rel=\"nofollow\" href=\"https:\/\/albanianpost.com\/lista-serbe-takohet-me-gjuric-in-e-petkovic-in-ne-serbi-diskutohet-situata-politike-dhe-e-sigurise-ne-kosove\/\">Lista Serbe takohet me Gjuri\u00e7-in e Petkovi\u00e7-in n\u00eb Serbi, diskutohet situata politike dhe e siguris\u00eb n\u00eb Kosov\u00eb<\/a> appeared first on <a rel=\"nofollow\" href=\"https:\/\/albanianpost.com\/\">Albanian Post<\/a>.<\/p>\n","protected":false},"excerpt":{"rendered":"<p>P\u00ebrfaq\u00ebsuesit e List\u00ebs Serbe, t\u00eb premten, n\u00eb Serbi kan\u00eb takuar ministrin e Pun\u00ebve t\u00eb Jashtme, Marko Gjuri\u00e7 dhe t\u00eb ashtuquajturin drejtorin e Zyr\u00ebs p\u00ebr Kosov\u00ebn n\u00eb Qeverin\u00eb e Serbis\u00eb, Petar Petkovi\u00e7. Si\u00e7 raportojn\u00eb mediat serbe tema e takimit ka qen\u00eb situata politike dhe e siguris\u00eb n\u00eb Kosov\u00eb. Sipas mediumit serb me seli n\u00eb Kosov\u00eb, Kosovo [&hellip;]<\/p>\n","protected":false},"author":1,"featured_media":4578,"comment_status":"open","ping_status":"open","sticky":false,"template":"","format":"standard","meta":{"footnotes":""},"categories":[1],"tags":[],"class_list":["post-4577","post","type-post","status-publish","format-standard","has-post-thumbnail","hentry","category-uncategorized"],"_links":{"self":[{"href":"https:\/\/radiogjilani.com\/index.php\/wp-json\/wp\/v2\/posts\/4577","targetHints":{"allow":["GET"]}}],"collection":[{"href":"https:\/\/radiogjilani.com\/index.php\/wp-json\/wp\/v2\/posts"}],"about":[{"href":"https:\/\/radiogjilani.com\/index.php\/wp-json\/wp\/v2\/types\/post"}],"author":[{"embeddable":true,"href":"https:\/\/radiogjilani.com\/index.php\/wp-json\/wp\/v2\/users\/1"}],"replies":[{"embeddable":true,"href":"https:\/\/radiogjilani.com\/index.php\/wp-json\/wp\/v2\/comments?post=4577"}],"version-history":[{"count":0,"href":"https:\/\/radiogjilani.com\/index.php\/wp-json\/wp\/v2\/posts\/4577\/revisions"}],"wp:featuredmedia":[{"embeddable":true,"href":"https:\/\/radiogjilani.com\/index.php\/wp-json\/wp\/v2\/media\/4578"}],"wp:attachment":[{"href":"https:\/\/radiogjilani.com\/index.php\/wp-json\/wp\/v2\/media?parent=4577"}],"wp:term":[{"taxonomy":"category","embeddable":true,"href":"https:\/\/radiogjilani.com\/index.php\/wp-json\/wp\/v2\/categories?post=4577"},{"taxonomy":"post_tag","embeddable":true,"href":"https:\/\/radiogjilani.com\/index.php\/wp-json\/wp\/v2\/tags?post=4577"}],"curies":[{"name":"wp","href":"https:\/\/api.w.org\/{rel}","templated":true}]}}