{"id":4599,"date":"2024-06-09T11:18:38","date_gmt":"2024-06-09T11:18:38","guid":{"rendered":"https:\/\/radiogjilani.com\/index.php\/2024\/06\/09\/kryeministri-kurti-ne-koncertin-e-kengetares-shkurte-fejza-ne-ditet-e-erreta-te-roberise-na-keni-frymezuar-e-ngushelluar\/"},"modified":"2024-06-09T11:18:38","modified_gmt":"2024-06-09T11:18:38","slug":"kryeministri-kurti-ne-koncertin-e-kengetares-shkurte-fejza-ne-ditet-e-erreta-te-roberise-na-keni-frymezuar-e-ngushelluar","status":"publish","type":"post","link":"https:\/\/radiogjilani.com\/index.php\/2024\/06\/09\/kryeministri-kurti-ne-koncertin-e-kengetares-shkurte-fejza-ne-ditet-e-erreta-te-roberise-na-keni-frymezuar-e-ngushelluar\/","title":{"rendered":"Kryeministri Kurti n\u00eb koncertin e k\u00ebng\u00ebtares Shkurte Fejza: N\u00eb dit\u00ebt e err\u00ebta t\u00eb rob\u00ebris\u00eb, na keni frym\u00ebzuar e ngush\u00eblluar"},"content":{"rendered":"<p>Kryeministri i Republik\u00ebs s\u00eb Kosov\u00ebs, Albin Kurti, mori pjes\u00eb mbr\u00ebm\u00eb n\u00eb koncertin e k\u00ebng\u00ebtares s\u00eb mir\u00ebnjohur, Shkurte Fejza, \u201c50 vjet z\u00ebri i kombit\u201d, n\u00eb 50- vjetorin e karrier\u00ebs s\u00eb saj, i organizuar dhe i mbajtur n\u00eb kuad\u00ebr t\u00eb agjend\u00ebs shtet\u00ebrore p\u00ebr sh\u00ebnimin e 25-vjetorin e \u00e7lirimit t\u00eb Kosov\u00ebs. N\u00ebn atmosfer\u00ebn festive t\u00eb koncertit, kryeministri pati nj\u00eb fjal\u00eb rasti ku theksoi se sa e v\u00ebshtir\u00eb \u00ebsht\u00eb&#8230;<\/p>\n<p><a href=\"https:\/\/ekonomiaonline.com\/kryeministri-kurti-ne-koncertin-e-kengetares-shkurte-fejza-ne-ditet-e-erreta-te-roberise-na-keni-frymezuar-e-ngushelluar5\/\" rel=\"nofollow\">Source<\/a><\/p>\n","protected":false},"excerpt":{"rendered":"<p>Kryeministri i Republik\u00ebs s\u00eb Kosov\u00ebs, Albin Kurti, mori pjes\u00eb mbr\u00ebm\u00eb n\u00eb koncertin e k\u00ebng\u00ebtares s\u00eb mir\u00ebnjohur, Shkurte Fejza, \u201c50 vjet z\u00ebri i kombit\u201d, n\u00eb 50- vjetorin e karrier\u00ebs s\u00eb saj, i organizuar dhe i mbajtur n\u00eb kuad\u00ebr t\u00eb agjend\u00ebs shtet\u00ebrore p\u00ebr sh\u00ebnimin e 25-vjetorin e \u00e7lirimit t\u00eb Kosov\u00ebs. N\u00ebn atmosfer\u00ebn festive t\u00eb koncertit, kryeministri pati [&hellip;]<\/p>\n","protected":false},"author":1,"featured_media":4600,"comment_status":"open","ping_status":"open","sticky":false,"template":"","format":"standard","meta":{"footnotes":""},"categories":[19],"tags":[],"class_list":["post-4599","post","type-post","status-publish","format-standard","has-post-thumbnail","hentry","category-eko"],"_links":{"self":[{"href":"https:\/\/radiogjilani.com\/index.php\/wp-json\/wp\/v2\/posts\/4599","targetHints":{"allow":["GET"]}}],"collection":[{"href":"https:\/\/radiogjilani.com\/index.php\/wp-json\/wp\/v2\/posts"}],"about":[{"href":"https:\/\/radiogjilani.com\/index.php\/wp-json\/wp\/v2\/types\/post"}],"author":[{"embeddable":true,"href":"https:\/\/radiogjilani.com\/index.php\/wp-json\/wp\/v2\/users\/1"}],"replies":[{"embeddable":true,"href":"https:\/\/radiogjilani.com\/index.php\/wp-json\/wp\/v2\/comments?post=4599"}],"version-history":[{"count":0,"href":"https:\/\/radiogjilani.com\/index.php\/wp-json\/wp\/v2\/posts\/4599\/revisions"}],"wp:featuredmedia":[{"embeddable":true,"href":"https:\/\/radiogjilani.com\/index.php\/wp-json\/wp\/v2\/media\/4600"}],"wp:attachment":[{"href":"https:\/\/radiogjilani.com\/index.php\/wp-json\/wp\/v2\/media?parent=4599"}],"wp:term":[{"taxonomy":"category","embeddable":true,"href":"https:\/\/radiogjilani.com\/index.php\/wp-json\/wp\/v2\/categories?post=4599"},{"taxonomy":"post_tag","embeddable":true,"href":"https:\/\/radiogjilani.com\/index.php\/wp-json\/wp\/v2\/tags?post=4599"}],"curies":[{"name":"wp","href":"https:\/\/api.w.org\/{rel}","templated":true}]}}