{"id":4643,"date":"2024-06-10T11:30:40","date_gmt":"2024-06-10T11:30:40","guid":{"rendered":"https:\/\/radiogjilani.com\/index.php\/2024\/06\/10\/paglia-rugova-ishte-si-baba-per-kosoven-nuk-mund-te-krahasohet-me-ndonje-politikan-tjeter\/"},"modified":"2024-06-10T11:30:40","modified_gmt":"2024-06-10T11:30:40","slug":"paglia-rugova-ishte-si-baba-per-kosoven-nuk-mund-te-krahasohet-me-ndonje-politikan-tjeter","status":"publish","type":"post","link":"https:\/\/radiogjilani.com\/index.php\/2024\/06\/10\/paglia-rugova-ishte-si-baba-per-kosoven-nuk-mund-te-krahasohet-me-ndonje-politikan-tjeter\/","title":{"rendered":"Paglia: Rugova ishte si baba p\u00ebr Kosov\u00ebn, nuk mund t\u00eb krahasohet me ndonj\u00eb politikan tjet\u00ebr"},"content":{"rendered":"<p>President i Akademis\u00eb Papnore p\u00ebr Jet\u00ebn, Vicenzo Paglia, e konsideronte ish-presidentin Ibrahim Rugova, si \u201cbaba i popullit t\u00eb tij\u201d, raporton Ekonomia Online. Gjat\u00eb fjalimit t\u00eb tij n\u00eb konferenc\u00ebn nd\u00ebrkomb\u00ebtare \u201cRugova dhe Per\u00ebndimi\u201d, n\u00eb 25-vjetorin e \u00e7lirimit t\u00eb Kosov\u00ebs, tha se presidenti Rugova e ka udh\u00ebhequr vendin e tij drejt pavar\u00ebsis\u00eb. Sipas tij, Rugova, q\u00eb ishte president i par\u00eb i Kosov\u00ebs&#8230;<\/p>\n<p><a href=\"https:\/\/ekonomiaonline.com\/paglia-rugova-ishte-si-baba-per-kosoven-nuk-mund-te-krahasohet-me-ndonje-politikan-tjeter\/\" rel=\"nofollow\">Source<\/a><\/p>\n","protected":false},"excerpt":{"rendered":"<p>President i Akademis\u00eb Papnore p\u00ebr Jet\u00ebn, Vicenzo Paglia, e konsideronte ish-presidentin Ibrahim Rugova, si \u201cbaba i popullit t\u00eb tij\u201d, raporton Ekonomia Online. Gjat\u00eb fjalimit t\u00eb tij n\u00eb konferenc\u00ebn nd\u00ebrkomb\u00ebtare \u201cRugova dhe Per\u00ebndimi\u201d, n\u00eb 25-vjetorin e \u00e7lirimit t\u00eb Kosov\u00ebs, tha se presidenti Rugova e ka udh\u00ebhequr vendin e tij drejt pavar\u00ebsis\u00eb. Sipas tij, Rugova, q\u00eb ishte [&hellip;]<\/p>\n","protected":false},"author":1,"featured_media":4644,"comment_status":"open","ping_status":"open","sticky":false,"template":"","format":"standard","meta":{"footnotes":""},"categories":[19],"tags":[],"class_list":["post-4643","post","type-post","status-publish","format-standard","has-post-thumbnail","hentry","category-eko"],"_links":{"self":[{"href":"https:\/\/radiogjilani.com\/index.php\/wp-json\/wp\/v2\/posts\/4643","targetHints":{"allow":["GET"]}}],"collection":[{"href":"https:\/\/radiogjilani.com\/index.php\/wp-json\/wp\/v2\/posts"}],"about":[{"href":"https:\/\/radiogjilani.com\/index.php\/wp-json\/wp\/v2\/types\/post"}],"author":[{"embeddable":true,"href":"https:\/\/radiogjilani.com\/index.php\/wp-json\/wp\/v2\/users\/1"}],"replies":[{"embeddable":true,"href":"https:\/\/radiogjilani.com\/index.php\/wp-json\/wp\/v2\/comments?post=4643"}],"version-history":[{"count":0,"href":"https:\/\/radiogjilani.com\/index.php\/wp-json\/wp\/v2\/posts\/4643\/revisions"}],"wp:featuredmedia":[{"embeddable":true,"href":"https:\/\/radiogjilani.com\/index.php\/wp-json\/wp\/v2\/media\/4644"}],"wp:attachment":[{"href":"https:\/\/radiogjilani.com\/index.php\/wp-json\/wp\/v2\/media?parent=4643"}],"wp:term":[{"taxonomy":"category","embeddable":true,"href":"https:\/\/radiogjilani.com\/index.php\/wp-json\/wp\/v2\/categories?post=4643"},{"taxonomy":"post_tag","embeddable":true,"href":"https:\/\/radiogjilani.com\/index.php\/wp-json\/wp\/v2\/tags?post=4643"}],"curies":[{"name":"wp","href":"https:\/\/api.w.org\/{rel}","templated":true}]}}